{"id":9587,"date":"2013-08-30T11:20:00","date_gmt":"2013-08-30T09:20:00","guid":{"rendered":"http:\/\/www.invarena.cz\/?p=9587"},"modified":"2014-10-20T20:06:59","modified_gmt":"2014-10-20T18:06:59","slug":"tipy-na-vikend-5","status":"publish","type":"post","link":"https:\/\/www.invarena.cz\/?p=9587","title":{"rendered":"Tipy na v\u00edkend"},"content":{"rendered":"<p><strong>V mnoha m\u011bstech si m\u016f\u017eete u\u017e\u00edt rocku, folku a dal\u0161\u00edch hudebn\u00edch styl\u016f. Prob\u00edhaj\u00ed zde posledn\u00ed festivaly leto\u0161n\u00edch letn\u00edch pr\u00e1zdnin. Koho v\u00edce bav\u00ed historie, m\u016f\u017ee vyrazit na prohl\u00eddky hrad\u016f.<\/strong><\/p>\n<p><!--more--><\/p>\n<p><strong>Za stra\u0161idly na Slezskoostravsk\u00fd hrad<\/strong><\/p>\n<p>Tipem na stylov\u00e9 zakon\u010den\u00ed pr\u00e1zdnin m\u016f\u017ee b\u00fdt n\u00e1v\u0161t\u011bva Slezskoostravsk\u00e9ho hradu nadch\u00e1zej\u00edc\u00ed p\u00e1tek a sobotu. P\u0159edev\u0161\u00edm pro rodiny s d\u011btmi p\u0159ipravili po\u0159adatel\u00e9 dvoudenn\u00ed akci s n\u00e1zvem Stra\u0161ideln\u00e1 noc na hrad\u011b. Pr\u00e1v\u011b na d\u011bti bude leto\u0161n\u00ed ro\u010dn\u00edk zam\u011b\u0159en v\u00edce ne\u017e v minul\u00fdch letech.<\/p>\n<p>Program bude po oba dny prob\u00edhat ve ve\u010dern\u00edch hodin\u00e1ch, a to od 20 do 23 hodin. N\u00e1v\u0161t\u011bvn\u00edci Slezskoostravsk\u00e9ho hradu budou moci na konci pr\u00e1zdnin op\u011bt prok\u00e1zat svou odvahu a state\u010dnost. Hrad bude v prv\u00e9 \u0159ad\u011b stylov\u011b vyzdoben a nasv\u00edcen. Proch\u00e1zet se j\u00edm budou r\u016fzn\u00e1 stra\u0161idla a p\u0159\u00ed\u0161ery. Jejich \u00fakol bude jedin\u00fd \u2013 d\u011bti i dosp\u011bl\u00e9 po\u0159\u00e1dn\u011b vylekat a postra\u0161it. Po\u0159adatel\u00e9 kv\u016fli vysok\u00e9mu po\u010dtu n\u00e1v\u0161t\u011bvn\u00edk\u016f v minul\u00fdch letech nebudou ani letos prohl\u00eddky nijak organizovat, m\u00edsto toho budou lid\u00e9 hradem korzovat, jak se jim zl\u00edb\u00ed.<\/p>\n<p>Nebude chyb\u011bt ani doprovodn\u00fd program. P\u0159ipraven bude jarmark, kde se budete moci ob\u010derstvit nebo si zakoupit dobov\u00e9 p\u0159edm\u011bty, d\u00e1le si budete moci vyzkou\u0161et nap\u0159\u00edklad malov\u00e1n\u00ed na obli\u010dej. B\u011bhem akce bude rovn\u011b\u017e ukon\u010dena pr\u00e1zdninov\u00e1 sout\u011b\u017e V\u00edte, kde sp\u00ed v l\u00e9t\u011b \u010derti?<br \/>\n<strong>Vstupn\u00e9<\/strong> na akci \u010din\u00ed 80 korun pro dosp\u011bl\u00e9. D\u011bti, d\u016fchodci a <strong>dr\u017eitel\u00e9 pr\u016fkaz\u016f ZTP zaplat\u00ed o polovinu m\u00e9n\u011b,<\/strong> tedy 40 korun.<\/p>\n<h2><\/h2>\n<h2>Festival Valn\u00edk se uskute\u010dn\u00ed v sobotu v are\u00e1lu letn\u00edho kina<\/h2>\n<p>Obl\u00edben\u00fd sl\u00e1nsk\u00fd festival Valn\u00edk bude v sobotu. Punkov\u00e1 a rockov\u00e1 tradice ve Slan\u00e9m se zachov\u00e1v\u00e1.<\/p>\n<p>Akce zm\u011bnila n\u00e1zev na sl\u00e1nsk\u00fd rockov\u00fd festival Valn\u00edk a vrac\u00ed se zp\u011bt do zdej\u0161\u00edho letn\u00edho kina jako jednodenn\u00ed.<\/p>\n<p><strong>Kapely<\/strong><\/p>\n<p>V letn\u00edm kin\u011b vystoup\u00ed v sobotu rovn\u00e1 dvac\u00edtka skupin. &#8222;Sou\u010d\u00e1st\u00ed festivalu bude i p\u00e1te\u010dn\u00ed program ve sl\u00e1nsk\u00e9m klubu Rockpublica, kde se kon\u00e1 ve\u010d\u00edrek pro nedo\u010dkav\u00e9,&#8220; doplnil dramaturg. Na n\u011bm zahraje zn\u00e1m\u00e1 punkov\u00e1 kapela SPS, d\u00e1le vystoup\u00ed region\u00e1ln\u00ed hudebn\u00edci Svolo\u010d, Vnit\u0159n\u00ed faktor a Dilemma in cinema.<br \/>\nV sobotu bude hlavn\u00ed hv\u011bzdou festivalu punkov\u00e1 legenda, kapela Visac\u00ed z\u00e1mek. V rytmu ska zahraje zn\u00e1m\u00fd plze\u0148sk\u00fd orchestr Tleska\u010d. V hlavn\u00edm programu potom vystoup\u00ed p\u0159edn\u00ed kapely \u010desk\u00e9 punkrockov\u00e9 sc\u00e9ny, mimo jin\u00e9 dom\u00e1c\u00ed sl\u00e1nsk\u00e1 formace Tot\u00e1ln\u00ed nasazen\u00ed \u010di pra\u017esk\u00e9 skupiny Zak\u00e1zan\u00fd ovoce, The Fialky, Covers for lovers a ne\u017efale\u0161. Chyb\u011bt nebudou ani S. N. A. D., doma\u017elick\u00e1 Zvl\u00e1\u0161\u0148\u00fd \u0161kola nebo kr\u00e1lovehrade\u010dt\u00ed N. V. \u00da.. Rock\u00b4n\u00b4roll zazn\u00ed v pod\u00e1n\u00ed zp\u00edvaj\u00edc\u00edho pr\u00e1vn\u00edka Petra Pe\u010den\u00e9ho a jeho skupiny Doctor P. P.. Pro milovn\u00edky tvrd\u0161\u00ed hudby zahraj\u00ed Projekt Parabelum, Streetmachine \u010di Censorshit. Festival uzav\u0159ou sl\u00e1n\u0161t\u00ed Deratiz\u00e9\u0159i.<br \/>\nP\u0159\u00edchoz\u00ed se mohou v are\u00e1lu letn\u00edho kina t\u011b\u0161it na dostatek st\u00e1nk\u016f s ob\u010derstven\u00edm a bar\u016f s m\u00edchan\u00fdmi n\u00e1poji. D\u00e1le zde budou prod\u00e1vat hudebn\u00ed nosi\u010de, oble\u010den\u00ed, bi\u017euterii a dal\u0161\u00ed v\u011bci.<br \/>\nP\u0159espoln\u00ed fanou\u0161ci se pak mohou bezplatn\u011b ubytovat ve stanov\u00e9m m\u011bste\u010dku um\u00edst\u011bn\u00e9m na fotbalov\u00e9m h\u0159i\u0161ti za letn\u00edm kinem. <strong>T\u011blesn\u011b posti\u017een\u00ed maj\u00ed vstup zdarma.<\/strong><\/p>\n<p>&nbsp;<\/p>\n<h2><strong>B\u011b\u017ete na sout\u011b\u017en\u00ed Beskydsk\u00e9 folkov\u00e1n\u00ed<\/strong><\/h2>\n<p>FR\u00ddDLANT NAD OSTRAVIC\u00cd Folkov\u00e1 muzika k l\u00e9tu neodmysliteln\u011b pat\u0159\u00ed. Pokud jste je\u0161t\u011b nevyrazili na \u017e\u00e1dn\u00fd takov\u00fd festival nebo koncert, v sobotu m\u00e1te jednu z posledn\u00edch pr\u00e1zdninov\u00fdch p\u0159\u00edle\u017eitost\u00ed. Ve Fr\u00fddlantu nad Ostravic\u00ed se toti\u017e kon\u00e1 Beskydsk\u00e9 folkov\u00e1n\u00ed, sout\u011b\u017en\u00ed p\u0159ehl\u00eddka kapel, jej\u00edm\u017e l\u00e1kadlem je p\u0159edev\u0161\u00edm vystoupen\u00ed zn\u00e1m\u00e9 country zp\u011bva\u010dky V\u011bry Martinov\u00e9. Akce se uskute\u010dn\u00ed od dvou hodin odpoledne v rekrea\u010dn\u00edm st\u0159edisku Budoucnost ve Fr\u00fddlantu nad Ostravic\u00ed.<br \/>\nKrom\u011b V\u011bry Martinov\u00e9 se m\u016f\u017eete t\u011b\u0161it na mnoho dal\u0161\u00edch zaj\u00edmav\u00fdch \u00fa\u010dinkuj\u00edc\u00edch. Jedn\u00edm z nich bude nap\u0159\u00edklad Tul\u00e1k, kytarista, zp\u011bv\u00e1k a skladatel Libor \u017d\u00edla, kter\u00fd hraje p\u0159edev\u0161\u00edm sv\u00e9 folkov\u00e9 a country skladby a kter\u00fd se z\u00e1rove\u0148 doprov\u00e1z\u00ed na kytaru i foukac\u00ed harmoniku.<br \/>\nD\u00e1le vystoup\u00ed Josef Pinkas, zp\u00edvaj\u00edc\u00ed horn\u00edk s kytarou poch\u00e1zej\u00edc\u00ed z Bohum\u00edna. Nebude chyb\u011bt ani kapela V\u011bneband, jej\u00ed\u017e styl by se dal charakterizovat jako alternativn\u00ed folk maj\u00edc\u00ed bl\u00edzko k rocku.<br \/>\nP\u011bti\u010dlenn\u00e9 uskupen\u00ed pro\u0161lo od roku 2002 mnoha zm\u011bnami a dnes jej\u00ed j\u00e1dro tvo\u0159\u00ed p\u0159edev\u0161\u00edm mlad\u00ed muzikanti. V\u011bneband hraje p\u00edsn\u011b lidov\u00e9, p\u0159evzat\u00e9 i vlastn\u00ed.<br \/>\nDal\u0161\u00edm hostem Beskydsk\u00e9ho folkov\u00e1n\u00ed je skupina Galerie, kter\u00e1 z cimb\u00e1lov\u00e9 muziky p\u0159esedlala pr\u00e1v\u011b na folk. Ji\u017e zaveden\u00e1 formace hraje jen svou vlastn\u00ed tvorbu.<br \/>\nJan Nic je p\u00edsni\u010dk\u00e1\u0159, herec a b\u00e1sn\u00edk a tak\u00e9 on obohat\u00ed sv\u00fdm vystoupen\u00edm n\u00e1v\u0161t\u011bvn\u00edky folkov\u00e9ho odpoledne ve Fr\u00fddlantu nad Ostravic\u00ed. V\u011bru Martinovou, autorku takov\u00fdch hit\u016f jako A\u017e na vrcholky hor nebo Nebe, peklo, r\u00e1j, bude na Beskydsk\u00e9m folkov\u00e1n\u00ed doprov\u00e1zet Jamie Marshall. V leto\u0161n\u00edm roce se kon\u00e1 u\u017e 10. ro\u010dn\u00edk p\u0159ehl\u00eddky folkov\u00fdch kapel.<br \/>\nV p\u0159edprodeji, a to nap\u0159\u00edklad v Beskydsk\u00e9m informa\u010dn\u00edm centru ve Fr\u00fddlantu nad Ostravic\u00ed, po\u0159\u00edd\u00edte vstupenky za 100 K\u010d, d\u011bti pak zaplat\u00ed 50 K\u010d. Na m\u00edst\u011b bude vstup dra\u017e\u0161\u00ed. Dosp\u011bl\u00e9ho vyjde na 150 K\u010d a d\u011bti na 80 K\u010d.<\/p>\n<p>&nbsp;<\/p>\n<h2><strong>Rocke\u0159i se sejdou ve Fr\u00fddku-M\u00edstku<\/strong><\/h2>\n<p>FR\u00ddDEK-M\u00cdSTEK Nejv\u011bt\u0161\u00ed rockov\u00fd festival ve Fr\u00fddku-M\u00edstku se uskute\u010dn\u00ed ji\u017e tuto sobotu v samotn\u00e9m centru m\u011bsta \u2013 za fotbalov\u00fdm h\u0159i\u0161t\u011bm TJ Slezan. Po\u0159adatel\u00e9 slibuj\u00ed \u0159\u00e1dn\u00e9 zakon\u010den\u00ed pr\u00e1zdnin a podporu vych\u00e1zej\u00edc\u00edm hudebn\u00edm hv\u011bzd\u00e1m z bl\u00edzk\u00e9ho okol\u00ed.<br \/>\nNa koho se m\u016f\u017eete t\u011b\u0161it? Na Rockov\u00e9 Slezin\u011b vystoup\u00ed nap\u0159\u00edklad nu metalov\u00e1 kapela \u0160kwor, zn\u00e1m\u00e1 a \u00fasp\u011b\u0161n\u00e1 skupina Cocotte Minute, kter\u00e1 se neboj\u00ed pou\u0161t\u011bt do odv\u00e1\u017en\u00fdch text\u016f a jej\u00ed\u017e syrovost je u\u017e proslul\u00e1, metalov\u00ed Dymytry, Absolut Deafers hraj\u00edc\u00ed metal \u0159\u00edznut\u00fd rockem, Good Girl Maggie z Polska, pod\u011bbrad\u0161t\u00ed Rimortis, Nahum z Ostravy, Noncode, kte\u0159\u00ed hraj\u00ed hudbu na pomez\u00ed hardcore a punku, rockov\u00ed Slep\u00ed K\u0159ov\u00e1ci z Fr\u00fddku-M\u00edstku, Trochumoc \u2013 ti kombinuj\u00ed rock a ska \u2013 a experiment\u00e1tor\u0161t\u00ed rocke\u0159i Jakoby Nic.<br \/>\nOpen air akce Rockov\u00e1 Slezina za\u010dne v 11 dopoledne a nab\u00edz\u00ed krom\u011b vystoupen\u00ed kapel a zp\u011bv\u00e1k\u016f z \u010cesk\u00e9 republiky, ale nap\u0159\u00edklad tak\u00e9 z Polska, bohat\u00fd program. Na sv\u00e9 si p\u0159ijdou milovn\u00edci dobr\u00e9ho j\u00eddla i piva, to bude poch\u00e1zet z mal\u00fdch m\u00edstn\u00edch pivovar\u016f. Po\u0159adatel\u00e9 nezapomn\u011bli ani na d\u011bti, pro n\u011b p\u0159ipravili spoustu atrakc\u00ed stejn\u011b jako pro dosp\u011bl\u00e9 n\u00e1v\u0161t\u011bvn\u00edky. Pen\u00edze ze vstupn\u00e9ho poputuj\u00ed nejen k vystupuj\u00edc\u00edm muzikant\u016fm, ale tak\u00e9 k lidem posti\u017een\u00fdm povodn\u011bmi.<br \/>\nVstupenky si m\u016f\u017eete zakoupit ve fr\u00fddlantsk\u00e9m i fr\u00fddecko-m\u00edsteck\u00fdch informa\u010dn\u00edch centrech, p\u0159es server Ticketportal i pomoc\u00ed SMS. V p\u0159edprodeji v\u00e1s vyjdou na 250 korun, VIP vstupenky, kter\u00e9 umo\u017e\u0148uj\u00ed vstup do z\u00e1kulis\u00ed i neomezenou konzumaci j\u00eddla a n\u00e1poj\u016f, pak stoj\u00ed 990 korun. Na m\u00edst\u011b zaplat\u00edte 350, respektive 1 990 korun. D\u011bti do 150 cm, <strong>dr\u017eitel\u00e9 pr\u016fkaz\u016f ZTP a ZTP\/P maj\u00ed vstup zdarma.<\/strong><\/p>\n<h2><\/h2>\n<h2>Noc m\u016f\u017eete str\u00e1vit na dvou z\u00e1mc\u00edch v kraji<\/h2>\n<p>KUN\u00cdN, HRADEC NAD MORAVIC\u00cd<br \/>\nHned dva z\u00e1mky Moravskoslezsk\u00e9ho kraje se letos z\u00fa\u010dastn\u00ed akce s n\u00e1zvem Hradoz\u00e1meck\u00e1 noc. Br\u00e1ny asi \u0161edes\u00e1tky pam\u00e1tek v cel\u00e9 republice se otev\u0159ou 31. srpna. Kun\u00edn l\u00e1k\u00e1 n\u00e1v\u0161t\u011bvn\u00edky p\u0159edev\u0161\u00edm na prohl\u00eddku s baterkami, Hradec nad Moravic\u00ed pak nap\u0159\u00edklad na hudebn\u00ed vystoupen\u00ed.<br \/>\nProgram na z\u00e1mku Kun\u00edn za\u010d\u00edn\u00e1 ve 20 hodin. T\u011b\u0161it se m\u016f\u017eete na divadeln\u00ed p\u0159edstaven\u00ed, a to poh\u00e1dku \u010cernob\u00edl\u00e9 \u0161t\u011bst\u00ed v pod\u00e1n\u00ed b\u00edloveck\u00e9ho dvorn\u00edho z\u00e1meck\u00e9ho divadla Od\u0159ivous. Poh\u00e1dka to bude humorn\u00e1, pln\u00e1 hudby, ale i tajupln\u00e9 a stra\u0161ideln\u00e9 atmosf\u00e9ry. Vystupuj\u00ed v n\u00ed \u010derti a v\u00edly a pr\u00e1v\u011b mezi \u010dertem a v\u00edlou vzplane l\u00e1ska. S \u010derty i v\u00edlami se n\u00e1sledn\u011b potk\u00e1te tak\u00e9 p\u0159i no\u010dn\u00ed prohl\u00eddce z\u00e1mku s baterkou.<br \/>\nProgram z\u00e1mku Hradec nad Moravic\u00ed za\u010dne ji\u017e od 18 hodin. Tady se zam\u011b\u0159ili v\u00edce na historii. Ka\u017ed\u00fdch dvacet minut budou prob\u00edhat prohl\u00eddky, p\u0159i nich\u017e nahl\u00e9dnete do z\u00e1meck\u00fdch interi\u00e9r\u016f.<br \/>\nD\u00e1le uvid\u00edte hudebn\u00ed p\u0159edstaven\u00ed i uk\u00e1zky vojensk\u00e9ho v\u00fdcviku, o\u017eivl\u00e9 historie, zbran\u00ed a uniforem. T\u011b\u0161it se m\u016f\u017eete na uk\u00e1zky z doby v\u00e1lky o Slezsko i p\u0159\u00edjezd kn\u00ed\u017eat Lichnovsk\u00fdch. Od 20 hodin se bude prom\u00edtat film Ji\u0159\u00edho Menzela Konec star\u00fdch \u010das\u016f.<br \/>\nHradoz\u00e1meck\u00e1 noc se tento rok kon\u00e1 ji\u017e po\u010dtvrt\u00e9. C\u00edlem po\u0159adatel\u016f je poskytnout n\u00e1v\u0161t\u011bvn\u00edk\u016fm p\u0159\u00edjemnou alternativu k tradi\u010dn\u00edmu letn\u00edmu programu \u2013 koup\u00e1n\u00ed. Hrady a z\u00e1mky ve ve\u010dern\u00edch hodin\u00e1ch opl\u00fdvaj\u00ed romantikou i stra\u0161idelnou atmosf\u00e9rou a nav\u00edc nab\u00edzej\u00ed \u0161irok\u00e9 spektrum kulturn\u00edho vy\u017eit\u00ed.<br \/>\nV Kun\u00edn\u011b stoj\u00ed vstupn\u00e9 70 korun, 40 korun zaplat\u00ed senio\u0159i a <strong>30 d\u011bti, studenti a ZTP<\/strong>. Rodinn\u00e9 vstupn\u00e9 po\u0159\u00edd\u00edte za 150 korun. V Hradci nad Moravic\u00ed zaplat\u00edte 100 korun za pln\u00e9 a 60 za sn\u00ed\u017een\u00e9 vstupn\u00e9.<\/p>\n<p>Mlad\u00e1 fronta DNES<\/p>\n<h2><\/h2>\n<h2>Hradoz\u00e1meck\u00e1 noc<\/h2>\n<p>Ji\u017e \u010dtvrt\u00fdm rokem se otev\u0159ou <strong>jiho\u010desk\u00e9<\/strong> hrady, z\u00e1mky a kl\u00e1\u0161ter na posledn\u00ed pr\u00e1zdninovou sobotu v netradi\u010dn\u00edm no\u010dn\u00edm \u010dase. <strong>Hrad Ro\u017emberk<\/strong> se nav\u00edc stane m\u00edstem celon\u00e1rodn\u00edho zah\u00e1jen\u00ed, a proto nab\u00edz\u00ed bohat\u00fd program u\u017e od odpoledn\u00edch hodin. Chansony, opern\u00ed \u00e1rie a poezie v duchu francouzsk\u00e9 kultury, o\u017eiven\u00e9 no\u010dn\u00ed prohl\u00eddky, ochutn\u00e1vky v\u00edn i z\u00e1meck\u00fdch mou\u010dn\u00edk\u016f, pov\u00edd\u00e1n\u00ed o panenk\u00e1ch a mnoh\u00e1 dal\u0161\u00ed l\u00e1kadla. A<\/p>\n<p>Ro\u017emberk byl p\u0159es t\u0159i sta let v majetku p\u016fvodem francouzsk\u00e9ho rodu Buquoy. Inspirace Franci\u00ed je tak protk\u00e1na cel\u00fdm sobotn\u00edm programem, kter\u00fd za\u010d\u00edn\u00e1 ji\u017e v 13:30 odpoledne vystoupen\u00edm \u0161erm\u00ed\u0159sk\u00e9 skupiny V\u00edtkovci. Spolu s nimi se o z\u00e1bavu postar\u00e1 uskupen\u00ed Monadria Polygamica se svou praporovou a bubenickou show nebo soubor dobov\u00e9 hudby Cantus Firmus.<br \/>\nHlavn\u00ed \u010d\u00e1st programu vypukne v 19 hodin a potrv\u00e1 a\u017e do p\u016flnoci. Hv\u011bzdou ve\u010dera bude Chantal Poullain, v jej\u00edm\u017e pod\u00e1n\u00ed zazn\u00ed francouzsk\u00e9 chansony. Nem\u00e9n\u011b l\u00e1kav\u00e9 je sc\u00e9nick\u00e9 \u010dten\u00ed francouzsk\u00e9 poezie v pod\u00e1n\u00ed herce N\u00e1rodn\u00edho divadla Sa\u0161i Ra\u0161ilova. Melodie z francouzsk\u00fdch oper a operet zazp\u00edv\u00e1 publiku t\u011bsn\u011b p\u0159ed p\u016flnoc\u00ed s\u00f3listka opery Jiho\u010desk\u00e9ho divadla Eva \u0160truplov\u00e1.<br \/>\nB\u011bhem ve\u010dern\u00edho programu se op\u011bt odehraje buben\u00ed\u010dka a praporov\u00e1 show, ale tak\u00e9 p\u0159ehl\u00eddka dobov\u00fdch vojensk\u00fdch uniforem francouzsk\u00e9 arm\u00e1dy. Po cel\u00fd ve\u010der budou prob\u00edhat no\u010dn\u00ed prohl\u00eddky hradu doprov\u00e1zen\u00e9 historick\u00fdmi postavami. Vstupenky na tyto prohl\u00eddky budou slosovateln\u00e9 a v\u00fdherce hlavn\u00ed ceny z\u00edsk\u00e1 exkluzivn\u00ed v\u00edkendov\u00fd pobyt na hrad\u011b Ro\u017emberk.<br \/>\nPodmanivou atmosf\u00e9ru Francie n\u00e1v\u0161t\u011bvn\u00edk\u016fm p\u0159ibl\u00ed\u017e\u00ed i celove\u010dern\u00ed ochutn\u00e1vky francouzsk\u00fdch pokrm\u016f a v\u00edn.<br \/>\nCena slosovateln\u00fdch vstupenek na prohl\u00eddky je 100 K\u010d pro dosp\u011bl\u00e9ho, 70 K\u010d pro seniory; d\u011bti, studenti a <strong>ZTP 60 K\u010d.<\/strong> \u00da\u010dast na ostatn\u00edm programu je zdarma.<\/p>\n<p>Obl\u00edben\u00e9 no\u010dn\u00ed prohl\u00eddky o\u017eiven\u00e9 historick\u00fdmi postavami l\u00e1kaj\u00ed k n\u00e1v\u0161t\u011bv\u011b <strong>z\u00e1mku T\u0159ebo\u0148<\/strong> Od 20 hodin se z\u00e1jemci budou moci bl\u00ed\u017ee sezn\u00e1mit se \u017eivotem kn\u011b\u017eny Eleonory ze Schwarzenbergu, od jej\u00edho\u017e \u00famrt\u00ed letos uplynulo 140 let. Tyto prohl\u00eddky budou prob\u00edhat ve dvacetiminutov\u00fdch intervalech s omezen\u00fdm po\u010dtem dvaceti osob v jedn\u00e9 skupin\u011b a posledn\u00ed prohl\u00eddka za\u010dne ve 23 hodin.<br \/>\nNaopak do dob Ro\u017emberk\u016f se n\u00e1v\u0161t\u011bvn\u00edci vydaj\u00ed b\u011bhem no\u010dn\u00ed proch\u00e1zky z\u00e1mkem s Petrem Vokem a B\u00edlou pan\u00ed. Tyto prohl\u00eddky budou pouze dv\u011b a za\u010dnou ve 20:15 a 22 hodin.<br \/>\nVstupenky je nutn\u00e9 si rezervovat p\u0159edem na e-mailu zamek.trebon@ seznam.cz nebo na tel \u010d\u00edsle 384 721193 a je nutn\u00e9 si je vyzvednout nejpozd\u011bji 1 hodinu p\u0159ed za\u010d\u00e1tkem prohl\u00eddky, jinak propadaj\u00ed. Vstupn\u00e9 je pro dosp\u011bl\u00e9 a seniory 120 K\u010d, d\u011bti od 6 do 18 let a<strong> ZTP zaplat\u00ed 60 K\u010d.<\/strong><\/p>\n<p>Jind\u0159ichohradeck\u00fd den\u00edk;<\/p>\n","protected":false},"excerpt":{"rendered":"<div class=\"mh-excerpt\"><p>V mnoha m\u011bstech si m\u016f\u017eete u\u017e\u00edt rocku, folku a dal\u0161\u00edch hudebn\u00edch styl\u016f. Prob\u00edhaj\u00ed zde posledn\u00ed festivaly leto\u0161n\u00edch letn\u00edch pr\u00e1zdnin. Koho v\u00edce bav\u00ed historie, m\u016f\u017ee vyrazit <a class=\"mh-excerpt-more\" href=\"https:\/\/www.invarena.cz\/?p=9587\" title=\"Tipy na v\u00edkend\">[&#8230;]<\/a><\/p>\n<\/div>","protected":false},"author":1,"featured_media":7488,"comment_status":"open","ping_status":"open","sticky":false,"template":"","format":"standard","meta":{"footnotes":""},"categories":[17],"tags":[],"class_list":["post-9587","post","type-post","status-publish","format-standard","has-post-thumbnail","hentry","category-kultura"],"_links":{"self":[{"href":"https:\/\/www.invarena.cz\/index.php?rest_route=\/wp\/v2\/posts\/9587","targetHints":{"allow":["GET"]}}],"collection":[{"href":"https:\/\/www.invarena.cz\/index.php?rest_route=\/wp\/v2\/posts"}],"about":[{"href":"https:\/\/www.invarena.cz\/index.php?rest_route=\/wp\/v2\/types\/post"}],"author":[{"embeddable":true,"href":"https:\/\/www.invarena.cz\/index.php?rest_route=\/wp\/v2\/users\/1"}],"replies":[{"embeddable":true,"href":"https:\/\/www.invarena.cz\/index.php?rest_route=%2Fwp%2Fv2%2Fcomments&post=9587"}],"version-history":[{"count":0,"href":"https:\/\/www.invarena.cz\/index.php?rest_route=\/wp\/v2\/posts\/9587\/revisions"}],"wp:featuredmedia":[{"embeddable":true,"href":"https:\/\/www.invarena.cz\/index.php?rest_route=\/wp\/v2\/media\/7488"}],"wp:attachment":[{"href":"https:\/\/www.invarena.cz\/index.php?rest_route=%2Fwp%2Fv2%2Fmedia&parent=9587"}],"wp:term":[{"taxonomy":"category","embeddable":true,"href":"https:\/\/www.invarena.cz\/index.php?rest_route=%2Fwp%2Fv2%2Fcategories&post=9587"},{"taxonomy":"post_tag","embeddable":true,"href":"https:\/\/www.invarena.cz\/index.php?rest_route=%2Fwp%2Fv2%2Ftags&post=9587"}],"curies":[{"name":"wp","href":"https:\/\/api.w.org\/{rel}","templated":true}]}}