{"id":9639,"date":"2013-08-29T09:40:00","date_gmt":"2013-08-29T07:40:00","guid":{"rendered":"http:\/\/www.invarena.cz\/?p=9639"},"modified":"2013-08-29T10:37:49","modified_gmt":"2013-08-29T08:37:49","slug":"hrozi-ze-na-konci-roku-prijdou-o-praci-tisice-handicapovanych","status":"publish","type":"post","link":"https:\/\/www.invarena.cz\/?p=9639","title":{"rendered":"Hroz\u00ed, \u017ee na konci roku p\u0159ijdou o pr\u00e1ci tis\u00edce handicapovan\u00fdch"},"content":{"rendered":"<p><strong>K posledn\u00edmu dni v roce 2013 kon\u010d\u00ed statut osoby zdravotn\u011b znev\u00fdhodn\u011bn\u00e9 a z\u00e1kon v sou\u010dasn\u00e9 dob\u011b nedovoluje prodlou\u017een\u00ed takov\u00e9ho posudku. Kv\u016fli tomu ale od ledna 2014 zam\u011bstnavatel\u00e9 nedostanou za OZZ zam\u011bstnance ani korunu.<\/strong><br \/>\n<!--more--><br \/>\nLid\u00e9, kte\u0159\u00ed jsou osobou zdravotn\u011b znev\u00fdhodn\u011bnou, se \u010dasto dost\u00e1vaj\u00ed do v\u011bt\u0161\u00edch finan\u010dn\u00edch probl\u00e9m\u016f, ne\u017e t\u011b\u017ece handicapovan\u00ed lid\u00e9. Nemaj\u00ed toti\u017e kv\u016fli sv\u00e9mu leh\u010d\u00edmu posti\u017een\u00ed n\u00e1rok na invalidn\u00ed d\u016fchod, av\u0161ak jejich mo\u017enost na uplatn\u011bn\u00ed na pracovn\u00edm trhu jsou obdobn\u011b problematick\u00e9, jako u lid\u00ed, kte\u0159\u00ed invalidn\u00ed d\u016fchod pob\u00edraj\u00ed.<\/p>\n<p>Jsou tedy z fina\u010dn\u00edho hlediska zcela z\u00e1visl\u00ed na sv\u00e9m zam\u011bstn\u00e1n\u00ed. Te\u010f ale re\u00e1ln\u011b hroz\u00ed, \u017ee o pr\u00e1ci na konci roku p\u0159ijdou.<\/p>\n<p>Na zam\u011bstn\u00e1v\u00e1n\u00ed OZZ toti\u017e zam\u011bstnavatel\u00e9 dost\u00e1vaj\u00ed od \u00da\u0159adu pr\u00e1ce stejn\u00e9 p\u0159\u00edsp\u011bvky jako na lidi, kte\u0159\u00ed maj\u00ed p\u0159iznan\u00fd invalidn\u00ed d\u016fchod.<\/p>\n<p>Na konci roku 2014 kon\u010d\u00ed v\u0161echny posudky na p\u0159izn\u00e1n\u00ed OZZ, probl\u00e9mem ale je, \u017ee velk\u00e1 \u010d\u00e1st z nich u\u017e kon\u010d\u00ed na konci leto\u0161n\u00edho roku. Od ledna proto zam\u011bstnavatel\u00e9 nebudou od \u00daP dost\u00e1vat na zam\u011bstnavatele s OZZ nic.<\/p>\n<p>Nebudou si tak moci lidi se sn\u00ed\u017eenou pracovn\u00ed schopnost\u00ed dovolit zam\u011bstn\u00e1vat.<\/p>\n<p>O nal\u00e9hav\u00e9 situaci jednal s ministrem pr\u00e1ce a soci\u00e1ln\u00edch v\u011bc\u00ed v demisi Franti\u0161kem kon\u00ed\u010dkem p\u0159edseda NRZP \u010cR V\u00e1clav Kr\u00e1sa.<\/p>\n<p>&#8222;Z\u00e1sadn\u00ed probl\u00e9m je, \u017ee k 31. 12. 2013 kon\u010d\u00ed v\u011bt\u0161ina posudk\u016f o uzn\u00e1n\u00ed OZZ a nov\u00e9 posudky, \u010di jejich prodlou\u017een\u00ed nen\u00ed ze z\u00e1kona mo\u017en\u00e9. T\u00edm je ohro\u017eeno n\u011bkolik tis\u00edc pracovn\u00edch m\u00edst pro tyto osoby. Vzhledem k rozpu\u0161t\u011bn\u00ed Poslaneck\u00e9 sn\u011bmovny ji\u017e nen\u00ed mo\u017en\u00e9 p\u0159ij\u00edmat \u017e\u00e1dn\u00e9 z\u00e1kony.Jedin\u011b Vl\u00e1da \u010cR m\u00e1 mo\u017enost obr\u00e1tit se na Sen\u00e1t se \u017e\u00e1dost\u00ed o z\u00e1konn\u00e9 opat\u0159en\u00ed, kter\u00e9 Sen\u00e1t m\u016f\u017ee schv\u00e1lit. S panem ministrem jsme prob\u00edrali mo\u017enost takov\u00e9ho z\u00e1konn\u00e9ho opat\u0159en\u00ed v souvislosti s OZZ. Pan ministr se \u0159e\u0161en\u00ed tohoto v\u00e1\u017en\u00e9ho probl\u00e9mu nebr\u00e1n\u00ed, ale v\u0161e z\u00e1le\u017e\u00ed na p\u0159edsedovi vl\u00e1dy J. Rusnokovi. N\u00e1vrh z\u00e1konn\u00e9ho opat\u0159en\u00ed m\u016f\u017ee Sen\u00e1tu p\u0159edlo\u017eit jenom Vl\u00e1da \u010cR jako celek. O institutu OZZ budeme je\u0161t\u011b jednat v n\u00e1sleduj\u00edc\u00edch dnech s dal\u0161\u00edmi zainteresovan\u00fdmi subjekty. Zachov\u00e1n\u00ed institutu OZZ podporuje Asociace zam\u011bstnavatel\u016f zdravotn\u011b posti\u017een\u00fdch, S\u010cMVD, Odbory a dal\u0161\u00ed subjekty. Bohu\u017eel sou\u010dasn\u00e1 diskuze v m\u00e9di\u00edch o \u00faloze z\u00e1konn\u00e9ho opat\u0159en\u00ed je tro\u0161ku jednostrann\u00e1 a p\u0159\u00edli\u0161 nepom\u00e1h\u00e1 prosadit tuto v\u011bc,&#8220; vysv\u011btluje sou\u010dasnou situaci Kr\u00e1sa.<\/p>\n<p>Ji\u0159\u00ed Marek<br \/>\ninvArena<\/p>\n","protected":false},"excerpt":{"rendered":"<div class=\"mh-excerpt\"><p>K posledn\u00edmu dni v roce 2013 kon\u010d\u00ed statut osoby zdravotn\u011b znev\u00fdhodn\u011bn\u00e9 a z\u00e1kon v sou\u010dasn\u00e9 dob\u011b nedovoluje prodlou\u017een\u00ed takov\u00e9ho posudku. Kv\u016fli tomu ale od ledna <a class=\"mh-excerpt-more\" href=\"https:\/\/www.invarena.cz\/?p=9639\" title=\"Hroz\u00ed, \u017ee na konci roku p\u0159ijdou o pr\u00e1ci tis\u00edce handicapovan\u00fdch\">[&#8230;]<\/a><\/p>\n<\/div>","protected":false},"author":3,"featured_media":2556,"comment_status":"open","ping_status":"open","sticky":false,"template":"","format":"standard","meta":{"footnotes":""},"categories":[6,9],"tags":[],"class_list":["post-9639","post","type-post","status-publish","format-standard","has-post-thumbnail","hentry","category-politika","category-zpravy"],"_links":{"self":[{"href":"https:\/\/www.invarena.cz\/index.php?rest_route=\/wp\/v2\/posts\/9639","targetHints":{"allow":["GET"]}}],"collection":[{"href":"https:\/\/www.invarena.cz\/index.php?rest_route=\/wp\/v2\/posts"}],"about":[{"href":"https:\/\/www.invarena.cz\/index.php?rest_route=\/wp\/v2\/types\/post"}],"author":[{"embeddable":true,"href":"https:\/\/www.invarena.cz\/index.php?rest_route=\/wp\/v2\/users\/3"}],"replies":[{"embeddable":true,"href":"https:\/\/www.invarena.cz\/index.php?rest_route=%2Fwp%2Fv2%2Fcomments&post=9639"}],"version-history":[{"count":0,"href":"https:\/\/www.invarena.cz\/index.php?rest_route=\/wp\/v2\/posts\/9639\/revisions"}],"wp:featuredmedia":[{"embeddable":true,"href":"https:\/\/www.invarena.cz\/index.php?rest_route=\/wp\/v2\/media\/2556"}],"wp:attachment":[{"href":"https:\/\/www.invarena.cz\/index.php?rest_route=%2Fwp%2Fv2%2Fmedia&parent=9639"}],"wp:term":[{"taxonomy":"category","embeddable":true,"href":"https:\/\/www.invarena.cz\/index.php?rest_route=%2Fwp%2Fv2%2Fcategories&post=9639"},{"taxonomy":"post_tag","embeddable":true,"href":"https:\/\/www.invarena.cz\/index.php?rest_route=%2Fwp%2Fv2%2Ftags&post=9639"}],"curies":[{"name":"wp","href":"https:\/\/api.w.org\/{rel}","templated":true}]}}