{"id":9664,"date":"2013-09-07T13:38:34","date_gmt":"2013-09-07T11:38:34","guid":{"rendered":"http:\/\/www.invarena.cz\/?p=9664"},"modified":"2013-09-07T13:38:34","modified_gmt":"2013-09-07T11:38:34","slug":"hendikepovanych-skolaku-nepribyva-tvrdi-reditelka","status":"publish","type":"post","link":"https:\/\/www.invarena.cz\/?p=9664","title":{"rendered":"Hendikepovan\u00fdch \u0161kol\u00e1k\u016f nep\u0159ib\u00fdv\u00e1, tvrd\u00ed \u0159editelka"},"content":{"rendered":"<p><strong>Mnoh\u00fdm lidem se zd\u00e1, \u017ee \u0161kol\u00e1k\u016f s handicapem \u2013 a\u0165 u\u017e je to leh\u010d\u00ed mozkov\u00e1 dysfunkce \u010di autismus \u2013 je \u010d\u00edm d\u00e1l v\u00edce. To v\u0161ak pop\u00edr\u00e1 \u0159editelka z\u00e1kladn\u00ed \u0161koly praktick\u00e9 a soci\u00e1ln\u00ed v Rokycanech Ivana Faitov\u00e1. <\/strong><\/p>\n<p><!--more--><\/p>\n<p>&#8222;Nemysl\u00edm, \u017ee t\u011bchto vad p\u0159ib\u00fdv\u00e1,&#8220; \u0159\u00edk\u00e1 \u0159editelka z\u00e1kladn\u00ed \u0161koly praktick\u00e9 a soci\u00e1ln\u00ed v Rokycanech Ivana Faitov\u00e1.<\/p>\n<p><strong>&#8211; \u010c\u00edm tento dojem vysv\u011btlujete?<\/strong><\/p>\n<p>Poruchy jsou jen d\u0159\u00edve a \u010dast\u011bji diagnostikov\u00e1ny a tak\u00e9 se o nich v\u00edce hovo\u0159\u00ed, p\u0159edev\u0161\u00edm v m\u00e9di\u00edch.<\/p>\n<p><strong>&#8211; Je to dob\u0159e nebo \u0161patn\u011b?<\/strong><\/p>\n<p>Ur\u010dit\u011b dob\u0159e. D\u00edky podrobn\u011bj\u0161\u00ed a dokonalej\u0161\u00ed diagnostice se da\u0159\u00ed za\u0159adit v\u011bt\u0161inu d\u011bt\u00ed do nejvhodn\u011bj\u0161\u00edho vzd\u011bl\u00e1vac\u00edho programu tak, aby do\u0161lo k co nejv\u011bt\u0161\u00edmu rozvoji jejich osobnosti a aby se dok\u00e1zaly \u00fasp\u011b\u0161n\u011b uplatnit ve spole\u010dnosti navzdory sv\u00e9mu handicapu.<\/p>\n<p><strong>&#8211; \u010cast\u011bji m\u00edvaj\u00ed pot\u00ed\u017ee se za\u010dlen\u011bn\u00edm do kolektivu \u010di \u0161koln\u00edho \u0159\u00e1du i d\u011bti, kter\u00e9 jsou zd\u00e1nliv\u011b v po\u0159\u00e1dku. napadaj\u00ed v\u00e1s n\u011bjak\u00e9 d\u016fvody?<\/strong><\/p>\n<p>Je jich dost. Rodiny spolu m\u00e1lo komunikuj\u00ed, nemotivuj\u00ed a nepodn\u011bcuj\u00ed d\u011bti ke hr\u00e1m, \u010dinnostem podporuj\u00edc\u00edm rozvoj manu\u00e1ln\u00ed zru\u010dnosti. Ke kontakt\u016fm se sv\u00fdmi vrstevn\u00edky, k aktivn\u00edmu odpo\u010dinku \u010di \u010detb\u011b. \u010casto tr\u00e1v\u00ed samy cel\u00e9 dny u po\u010d\u00edta\u010de \u010di televize. Cel\u00e1 situace se je\u0161t\u011b zhor\u0161uje, pokud je d\u00edt\u011b ze soci\u00e1ln\u011b znev\u00fdhodn\u011bn\u00e9ho prost\u0159ed\u00ed. V\u00fdsledkem je, \u017ee d\u00edt\u011b m\u00e1 nedostate\u010dnou slovn\u00ed z\u00e1sobu, \u0161patn\u011b komunikuje, je ne\u0161ikovn\u00e9 a neobratn\u00e9, nec\u00edt\u00ed se dob\u0159e v kolektivu d\u011bt\u00ed a dr\u017e\u00ed se stranou.<\/p>\n<p><strong>&#8211; Te\u010f u\u017e je pozd\u011b, ale co byste poradila rodi\u010d\u016fm, jejich\u017e d\u00edt\u011b p\u016fjde do prvn\u00ed t\u0159\u00eddy za rok? co je\u0161t\u011b stihnou, co by nem\u011bli nezanedbat?<\/strong><\/p>\n<p>M\u011bli by podporovat d\u011bti ve v\u0161ech \u010dinnostech, kter\u00e9 povedou k rozvoji osobnostn\u00edch a motorick\u00fdch schopnost\u00ed. Nebr\u00e1nit jim v kontaktu s vrstevn\u00edky.<\/p>\n<p><strong>&#8211; Pro\u010d je pro d\u011bti kolektiv tak d\u016fle\u017eit\u00fd?<\/strong><\/p>\n<p>P\u0159i ka\u017ed\u00e9 spole\u010dn\u00e9 aktivit\u011b se d\u00edt\u011b poka\u017ed\u00e9 n\u011b\u010demu nov\u00e9mu p\u0159iu\u010d\u00ed. Procvi\u010dov\u00e1n\u00edm ur\u010dit\u00e9 schopnosti se rozv\u00edj\u00ed i schopnosti jin\u00e9, proto\u017ee se navz\u00e1jem prol\u00ednaj\u00ed a dopl\u0148uj\u00ed. Kontakty a hry p\u0159isp\u00edvaj\u00ed k rozvoji d\u00edt\u011bte v oblasti jemn\u00e9 a hrub\u00e9 motoriky, \u0159e\u010di, zrakov\u00e9ho a sluchov\u00e9ho vn\u00edm\u00e1n\u00ed, a tak\u00e9 ke kvalitn\u011bj\u0161\u00edmu vz\u00e1jemn\u00e9mu porozum\u011bn\u00ed mezi d\u00edt\u011btem a dosp\u011bl\u00fdm. Rodi\u010de se potom nemus\u00ed ob\u00e1vat n\u00e1stupu sv\u00e9ho potomka do \u0161koly. D\u00edky nim bude zn\u00e1t v\u0161echno, co pot\u0159ebuje k \u00fasp\u011b\u0161n\u00e9mu zvl\u00e1dnut\u00ed sv\u00e9 prvn\u00ed \u017eivotn\u00ed zkou\u0161ky.<\/p>\n","protected":false},"excerpt":{"rendered":"<div class=\"mh-excerpt\"><p>Mnoh\u00fdm lidem se zd\u00e1, \u017ee \u0161kol\u00e1k\u016f s handicapem \u2013 a\u0165 u\u017e je to leh\u010d\u00ed mozkov\u00e1 dysfunkce \u010di autismus \u2013 je \u010d\u00edm d\u00e1l v\u00edce. To v\u0161ak <a class=\"mh-excerpt-more\" href=\"https:\/\/www.invarena.cz\/?p=9664\" title=\"Hendikepovan\u00fdch \u0161kol\u00e1k\u016f nep\u0159ib\u00fdv\u00e1, tvrd\u00ed \u0159editelka\">[&#8230;]<\/a><\/p>\n<\/div>","protected":false},"author":1,"featured_media":1827,"comment_status":"open","ping_status":"open","sticky":false,"template":"","format":"standard","meta":{"footnotes":""},"categories":[12],"tags":[],"class_list":["post-9664","post","type-post","status-publish","format-standard","has-post-thumbnail","hentry","category-rozhovory"],"_links":{"self":[{"href":"https:\/\/www.invarena.cz\/index.php?rest_route=\/wp\/v2\/posts\/9664","targetHints":{"allow":["GET"]}}],"collection":[{"href":"https:\/\/www.invarena.cz\/index.php?rest_route=\/wp\/v2\/posts"}],"about":[{"href":"https:\/\/www.invarena.cz\/index.php?rest_route=\/wp\/v2\/types\/post"}],"author":[{"embeddable":true,"href":"https:\/\/www.invarena.cz\/index.php?rest_route=\/wp\/v2\/users\/1"}],"replies":[{"embeddable":true,"href":"https:\/\/www.invarena.cz\/index.php?rest_route=%2Fwp%2Fv2%2Fcomments&post=9664"}],"version-history":[{"count":0,"href":"https:\/\/www.invarena.cz\/index.php?rest_route=\/wp\/v2\/posts\/9664\/revisions"}],"wp:featuredmedia":[{"embeddable":true,"href":"https:\/\/www.invarena.cz\/index.php?rest_route=\/wp\/v2\/media\/1827"}],"wp:attachment":[{"href":"https:\/\/www.invarena.cz\/index.php?rest_route=%2Fwp%2Fv2%2Fmedia&parent=9664"}],"wp:term":[{"taxonomy":"category","embeddable":true,"href":"https:\/\/www.invarena.cz\/index.php?rest_route=%2Fwp%2Fv2%2Fcategories&post=9664"},{"taxonomy":"post_tag","embeddable":true,"href":"https:\/\/www.invarena.cz\/index.php?rest_route=%2Fwp%2Fv2%2Ftags&post=9664"}],"curies":[{"name":"wp","href":"https:\/\/api.w.org\/{rel}","templated":true}]}}