{"id":9676,"date":"2013-09-15T21:47:52","date_gmt":"2013-09-15T19:47:52","guid":{"rendered":"http:\/\/www.invarena.cz\/?p=9676"},"modified":"2013-09-16T09:18:00","modified_gmt":"2013-09-16T07:18:00","slug":"ombudsmana-znepokojila-spatna-situace-v-psychiatricke-peci-o-deti","status":"publish","type":"post","link":"https:\/\/www.invarena.cz\/?p=9676","title":{"rendered":"Ombudsmana znepokojila \u0161patn\u00e1 situace v psychiatrick\u00e9 p\u00e9\u010di o d\u011bti"},"content":{"rendered":"<p><strong>Ombudsman Pavel Varva\u0159ovsk\u00fd v\u00edce ne\u017e rok mapoval, jak\u00e9 pom\u011bry panuj\u00ed v d\u011btsk\u00fdch psychiatrick\u00fdch l\u00e9\u010debn\u00e1ch a kojeneck\u00fdch \u00fastavech. A z\u00e1v\u011bry jsou znepokojiv\u00e9.<!--more--><\/strong><\/p>\n<p>V \u00fastavech toti\u017e \u010dasto kon\u010d\u00ed d\u011bti, kter\u00e9 tam v\u016fbec nemaj\u00ed co d\u011blat. V cel\u00e9 republice nav\u00edc chyb\u00ed odborn\u00edci, kte\u0159\u00ed by se o tyto d\u011bti starali.<\/p>\n<p>Pro ombudsmana bylo nejv\u00edc zar\u00e1\u017eej\u00edc\u00ed to, jak m\u00e1lo je slu\u017eeb, kter\u00e9 by se o d\u011bti postaraly. A mluv\u00edme te\u010f nejenom o d\u011btech s r\u016fzn\u00fdmi druhy posti\u017een\u00ed nebo s probl\u00e9my v chov\u00e1n\u00ed. Ale taky o d\u011btech, o kter\u00e9 se rodi\u010de nezvl\u00e1daj\u00ed starat. A tak je sami, p\u0159\u00edpadn\u011b soud nebo \u00fa\u0159ady um\u00edst\u00ed do kojeneck\u00e9ho \u00fastavu anebo psychiatrick\u00e9 nemocnice.<\/p>\n<p>Chyb\u00ed toti\u017e jak\u00fdkoliv preventivn\u00ed syst\u00e9m ambulanc\u00ed, poraden, kter\u00e9 by t\u011bmto d\u011btem pom\u00e1haly, je\u017e by ale z\u00e1rove\u0148 p\u0159itom z\u016fst\u00e1valy ve sv\u00fdch rodin\u00e1ch.<\/p>\n<p>Nav\u00edc v t\u011bch u\u017e existuj\u00edc\u00edch nemocnic\u00edch je m\u00e1lo person\u00e1lu a d\u011btem se nem\u016f\u017ee pln\u011b v\u011bnovat.<\/p>\n<p>Zdravotnick\u00e1 koncepce t\u0159eba po\u010d\u00edt\u00e1 s t\u00edm, \u017ee v \u010cesku m\u00e1 b\u00fdt stovka d\u011btsk\u00fdch psychiatr\u016f, ale je jich jenom kolem 70. A v n\u011bkter\u00fdch kraj\u00edch je rodi\u010de nenajdou v\u016fbec.<\/p>\n<p>St\u00e1v\u00e1 se taky to, \u017ee d\u011bti v \u00fastavech z\u016fst\u00e1vaj\u00ed p\u0159\u00edli\u0161 dlouho, proto\u017ee se nemaj\u00ed kam vr\u00e1tit. T\u0159eba z toho d\u016fvodu, \u017ee u soudu se protahuje jedn\u00e1n\u00ed o jejich um\u00edst\u011bn\u00ed t\u0159eba do p\u011bstounsk\u00fdch rodin.<\/p>\n<p>Ombudsman tedy navrhuje p\u0159edev\u0161\u00edm pos\u00edlit tu s\u00ed\u0165 p\u00e9\u010de, kterou by d\u00edt\u011b m\u011blo dostat p\u0159edt\u00edm, ne\u017e ho n\u011bkdo po\u0161le do \u00fastavu. Ambulantn\u00ed specialisti, kte\u0159\u00ed budou pracovat i s rodinami t\u011bchto d\u011bt\u00ed.<\/p>\n<p>A kdy\u017e u\u017e se d\u00edt\u011b do n\u011bjak\u00e9 instituce dostane, je t\u0159eba osobn\u011bj\u0161\u00ed p\u0159\u00edstup person\u00e1lu k d\u011btem a v\u00edce pe\u010dovatel\u016f, kte\u0159\u00ed se jim budou v\u00edc v\u011bnovat.<\/p>\n<p>podle report\u00e1\u017ee TV Prima\u00a0 zaznamenala invArena<\/p>\n","protected":false},"excerpt":{"rendered":"<div class=\"mh-excerpt\"><p>Ombudsman Pavel Varva\u0159ovsk\u00fd v\u00edce ne\u017e rok mapoval, jak\u00e9 pom\u011bry panuj\u00ed v d\u011btsk\u00fdch psychiatrick\u00fdch l\u00e9\u010debn\u00e1ch a kojeneck\u00fdch \u00fastavech. A z\u00e1v\u011bry jsou znepokojiv\u00e9.<\/p>\n<\/div>","protected":false},"author":1,"featured_media":6316,"comment_status":"open","ping_status":"open","sticky":false,"template":"","format":"standard","meta":{"footnotes":""},"categories":[7],"tags":[],"class_list":["post-9676","post","type-post","status-publish","format-standard","has-post-thumbnail","hentry","category-spolecnost"],"_links":{"self":[{"href":"https:\/\/www.invarena.cz\/index.php?rest_route=\/wp\/v2\/posts\/9676","targetHints":{"allow":["GET"]}}],"collection":[{"href":"https:\/\/www.invarena.cz\/index.php?rest_route=\/wp\/v2\/posts"}],"about":[{"href":"https:\/\/www.invarena.cz\/index.php?rest_route=\/wp\/v2\/types\/post"}],"author":[{"embeddable":true,"href":"https:\/\/www.invarena.cz\/index.php?rest_route=\/wp\/v2\/users\/1"}],"replies":[{"embeddable":true,"href":"https:\/\/www.invarena.cz\/index.php?rest_route=%2Fwp%2Fv2%2Fcomments&post=9676"}],"version-history":[{"count":0,"href":"https:\/\/www.invarena.cz\/index.php?rest_route=\/wp\/v2\/posts\/9676\/revisions"}],"wp:featuredmedia":[{"embeddable":true,"href":"https:\/\/www.invarena.cz\/index.php?rest_route=\/wp\/v2\/media\/6316"}],"wp:attachment":[{"href":"https:\/\/www.invarena.cz\/index.php?rest_route=%2Fwp%2Fv2%2Fmedia&parent=9676"}],"wp:term":[{"taxonomy":"category","embeddable":true,"href":"https:\/\/www.invarena.cz\/index.php?rest_route=%2Fwp%2Fv2%2Fcategories&post=9676"},{"taxonomy":"post_tag","embeddable":true,"href":"https:\/\/www.invarena.cz\/index.php?rest_route=%2Fwp%2Fv2%2Ftags&post=9676"}],"curies":[{"name":"wp","href":"https:\/\/api.w.org\/{rel}","templated":true}]}}