{"id":9704,"date":"2013-08-30T11:43:59","date_gmt":"2013-08-30T09:43:59","guid":{"rendered":"http:\/\/www.invarena.cz\/?p=9704"},"modified":"2013-08-30T14:01:15","modified_gmt":"2013-08-30T12:01:15","slug":"po-jake-dobe-si-mohu-znovu-zazadat-o-prispevek-na-auto","status":"publish","type":"post","link":"https:\/\/www.invarena.cz\/?p=9704","title":{"rendered":"Po jak\u00e9 dob\u011b si mohu znovu za\u017e\u00e1dat o p\u0159\u00edsp\u011bvek na auto?"},"content":{"rendered":"<p><strong>Na\u0161e \u010dten\u00e1\u0159e zaj\u00edmalo, po kolika letech si mohou znovu po\u017e\u00e1dat o p\u0159\u00edsp\u011bvek na osobn\u00ed automobil. Po zm\u011bn\u011b z\u00e1kona z roku 2011 u\u017e to nejde tak \u010dasto.<\/strong><br \/>\n<!--more--><br \/>\nV roce 2011 do\u0161lo k rozs\u00e1hl\u00fdm zm\u011bn\u00e1m v z\u00e1kon\u011b o poskytov\u00e1n\u00ed p\u0159\u00edsp\u011bvk\u016f na kompenza\u010dn\u00ed pom\u016fcky, mezi kter\u00e9 pat\u0159\u00ed i p\u0159\u00edsp\u011bvek na motorov\u00e9 vozidlo. Krom\u011b toho, \u017ee se zmen\u0161il okruh handicapovan\u00fdch, kte\u0159\u00ed v\u016fbec maj\u00ed na p\u0159\u00edsp\u011bvek n\u00e1rok, se tak\u00e9 p\u0159\u00edsp\u011bvek poskytuje jen jednou za 10 let.<\/p>\n<p>V praxi to znamen\u00e1, \u017ee pokud jste obdr\u017eeli p\u0159\u00edsp\u011bvek v roce 2005, m\u016f\u017eete si znovu za\u017e\u00e1dat a\u017e v roce 2015.<\/p>\n<p><strong>Co tvrd\u00ed z\u00e1kon?<\/strong><\/p>\n<p><strong>329\/2011 Sb.<\/strong><br \/>\nP\u0159\u00edsp\u011bvek na zvl\u00e1\u0161tn\u00ed pom\u016fcku, kter\u00fd je poskytov\u00e1n na po\u0159\u00edzen\u00ed motorov\u00e9ho vozidla, se op\u011btovn\u011b poskytne nejd\u0159\u00edve po uplynut\u00ed 120 kalend\u00e1\u0159n\u00edch m\u011bs\u00edc\u016f po sob\u011b jdouc\u00edch, po\u010d\u00ednaje od kalend\u00e1\u0159n\u00edho m\u011bs\u00edce n\u00e1sleduj\u00edc\u00edho po kalend\u00e1\u0159n\u00edm m\u011bs\u00edci, ve kter\u00e9m nabylo pr\u00e1vn\u00ed moci p\u0159edchoz\u00ed rozhodnut\u00ed o tomto p\u0159\u00edsp\u011bvku; to neplat\u00ed, jestli\u017ee osoba tento p\u0159\u00edsp\u011bvek nebo jeho pom\u011brnou \u010d\u00e1st vr\u00e1tila, pop\u0159\u00edpad\u011b j\u00ed jeho vr\u00e1cen\u00ed bylo prominuto.<\/p>\n<p>V sou\u010dasn\u00e9 dob\u011b se v m\u00e9di\u00edch \u010dasto \u0159e\u0161\u00ed p\u0159\u00edpady, kdy velice t\u011b\u017ece t\u011blesn\u011b posti\u017een\u00ed lid\u00e9 p\u0159\u00edsp\u011bvek na auto nedostanou. V\u017edy je to na rozhodnut\u00ed posudkov\u00e9ho l\u00e9ka\u0159e. Obecn\u011b ale p\u0159evl\u00e1d\u00e1 n\u00e1zor, \u017ee sou\u010dasn\u00e9 tabulky, podle kter\u00fdch se posudkov\u00e9 komise \u0159\u00edd\u00ed, jsou<br \/>\nne\u0161\u0165astn\u011b nastaven\u00e9 a m\u011blo by doj\u00edt ke zm\u011bn\u00e1m. Snad u\u017e se jich tedy do\u010dk\u00e1me v p\u0159\u00ed\u0161t\u00edm roce.<\/p>\n<p>Podrobn\u011bji jsme se p\u0159\u00edsp\u011bvku na osobn\u00ed automobil v\u011bnovali zde:<br \/>\n<a href=\"https:\/\/www.invarena.cz\/?p=5089\">M\u00e1te n\u00e1rok na p\u0159\u00edsp\u011bvek na osobn\u00ed automobil?<\/a><\/p>\n<p>Ji\u0159\u00ed Marek<br \/>\ninvArena<\/p>\n","protected":false},"excerpt":{"rendered":"<div class=\"mh-excerpt\"><p>Na\u0161e \u010dten\u00e1\u0159e zaj\u00edmalo, po kolika letech si mohou znovu po\u017e\u00e1dat o p\u0159\u00edsp\u011bvek na osobn\u00ed automobil. Po zm\u011bn\u011b z\u00e1kona z roku 2011 u\u017e to nejde tak <a class=\"mh-excerpt-more\" href=\"https:\/\/www.invarena.cz\/?p=9704\" title=\"Po jak\u00e9 dob\u011b si mohu znovu za\u017e\u00e1dat o p\u0159\u00edsp\u011bvek na auto?\">[&#8230;]<\/a><\/p>\n<\/div>","protected":false},"author":3,"featured_media":0,"comment_status":"open","ping_status":"open","sticky":false,"template":"","format":"standard","meta":{"footnotes":""},"categories":[18],"tags":[],"class_list":["post-9704","post","type-post","status-publish","format-standard","hentry","category-poradna"],"_links":{"self":[{"href":"https:\/\/www.invarena.cz\/index.php?rest_route=\/wp\/v2\/posts\/9704","targetHints":{"allow":["GET"]}}],"collection":[{"href":"https:\/\/www.invarena.cz\/index.php?rest_route=\/wp\/v2\/posts"}],"about":[{"href":"https:\/\/www.invarena.cz\/index.php?rest_route=\/wp\/v2\/types\/post"}],"author":[{"embeddable":true,"href":"https:\/\/www.invarena.cz\/index.php?rest_route=\/wp\/v2\/users\/3"}],"replies":[{"embeddable":true,"href":"https:\/\/www.invarena.cz\/index.php?rest_route=%2Fwp%2Fv2%2Fcomments&post=9704"}],"version-history":[{"count":0,"href":"https:\/\/www.invarena.cz\/index.php?rest_route=\/wp\/v2\/posts\/9704\/revisions"}],"wp:attachment":[{"href":"https:\/\/www.invarena.cz\/index.php?rest_route=%2Fwp%2Fv2%2Fmedia&parent=9704"}],"wp:term":[{"taxonomy":"category","embeddable":true,"href":"https:\/\/www.invarena.cz\/index.php?rest_route=%2Fwp%2Fv2%2Fcategories&post=9704"},{"taxonomy":"post_tag","embeddable":true,"href":"https:\/\/www.invarena.cz\/index.php?rest_route=%2Fwp%2Fv2%2Ftags&post=9704"}],"curies":[{"name":"wp","href":"https:\/\/api.w.org\/{rel}","templated":true}]}}