{"id":9718,"date":"2013-08-30T13:59:22","date_gmt":"2013-08-30T11:59:22","guid":{"rendered":"http:\/\/www.invarena.cz\/?p=9718"},"modified":"2013-08-30T14:02:44","modified_gmt":"2013-08-30T12:02:44","slug":"stiznosti-na-zakon-o-socialnich-sluzbach-mnozi-prisli-o-cast-davek","status":"publish","type":"post","link":"https:\/\/www.invarena.cz\/?p=9718","title":{"rendered":"P\u0159ich\u00e1zej\u00ed o \u010d\u00e1st d\u00e1vek, st\u00ed\u017enost\u00ed p\u0159ib\u00fdv\u00e1"},"content":{"rendered":"<p><strong>V\u00edce ne\u017e 1200 st\u00ed\u017enost\u00ed na z\u00e1kon o soci\u00e1ln\u00edch slu\u017eb\u00e1ch zaznamenala N\u00e1rodn\u00ed rada osob se zdravotn\u00edm posti\u017een\u00edm. Jde o p\u0159\u00edpady, kdy handicapovan\u00ed p\u0159i\u0161li o \u010d\u00e1st p\u0159\u00edsp\u011bvku na p\u00e9\u010di. Nap\u0159\u00edklad \u017eena na voz\u00edku, p\u0159ipojen\u00e1 na plicn\u00ed ventilaci. Chce se soudit.<\/strong>\/ilustra\u010dn\u00ed foto\/<\/p>\n<p><!--more--><\/p>\n<p>\u00daprava b\u00fdval\u00e9ho ministra pr\u00e1ce a soci\u00e1ln\u00edch v\u011bc\u00ed Jarom\u00edra Dr\u00e1bka toti\u017e p\u0159i posuzov\u00e1n\u00ed posti\u017een\u00ed zavedla m\u00edsto p\u016fvodn\u00edch 36 \u00fakon\u016f jen 10. U n\u011bkter\u00fdch lid\u00ed tak byla m\u00edra z\u00e1vislosti na p\u00e9\u010di druh\u00fdch z\u00e1konem p\u0159ehodnocena na ni\u017e\u0161\u00ed stupe\u0148.<\/p>\n<p>Podle report\u00e1\u017ee \u010cesk\u00e9 televize je \u010dty\u0159icetilet\u00e1 Renata Jesl\u00ednkov\u00e1 z Plzn\u011b u\u017e 20 let odk\u00e1z\u00e1na na nep\u0159etr\u017eitou pomoc jin\u00e9ho \u010dlov\u011bka. Trp\u00ed Pompeho nemoc\u00ed. Sama nevstane z postele, neoble\u010de se, nedok\u00e1\u017ee se posadit ani na voz\u00edk. D\u00fdch\u00e1 jen pomoc\u00ed plicn\u00ed ventilace. P\u0159esto byl podle nov\u00fdch pravidel z\u00e1kona jej\u00ed stupe\u0148 z\u00e1vislosti p\u0159ehodnocen z \u00fapln\u00e9 z\u00e1vislosti na t\u011b\u017ece z\u00e1vislou. Nam\u00edsto 12 tis\u00edc te\u010f pob\u00edr\u00e1 jen 8.<\/p>\n<p>Miloslava Jesl\u00ednkov\u00e1, matka zdravotn\u011b posti\u017een\u00e9 Renaty, \u0159\u00edk\u00e1:&#8220;Byl to trochu \u0161ok, proto\u017ee jsme s t\u00edm nepo\u010d\u00edtali.<\/p>\n<p>Renata Jesl\u00ednkov\u00e1:&#8220;M\u00e1ma se o m\u011b postar\u00e1, a v podstat\u011b i zadarmo. Ale ciz\u00ed \u010dlov\u011bk ne.<\/p>\n<p>Jen\u017ee matce Renaty je 61 let a nep\u0159etr\u017eitou p\u00e9\u010di u\u017e t\u011b\u017ece zvl\u00e1d\u00e1. Pokud by za to museli platit, osmitis\u00edcov\u00fd p\u0159\u00edsp\u011bvek jim vysta\u010d\u00ed sotva na t\u00fdden. Renata Jesl\u00ednkov\u00e1 se tak obr\u00e1tila na soud a podala spr\u00e1vn\u00ed \u017ealobu. Nen\u00ed jedin\u00e1. V r\u00e1mci kraje se jich \u0159e\u0161\u00ed asi 20.<\/p>\n<p>V\u00e1clav Kr\u00e1sa, p\u0159edseda N\u00e1rodn\u00ed rady osob se zdravotn\u00edm posti\u017een\u00edm, uvedl:&#8220;Spr\u00e1vn\u00ed \u017ealoba je ur\u010dit\u011b dobr\u00e9 \u0159e\u0161en\u00ed, pokud lid\u00e9 neusp\u011bj\u00ed ve sv\u00e9 \u017e\u00e1dosti o p\u0159\u00edsp\u011bvek na p\u00e9\u010di.&#8220;<\/p>\n<p>Jde o t\u00e9m\u011b\u0159 jedin\u00fd zp\u016fsob, jak se proti soci\u00e1ln\u00ed reform\u011b exministra Dr\u00e1bka br\u00e1nit. \u00da\u0159ednici se toti\u017e p\u0159i posuzov\u00e1n\u00ed stupn\u011b z\u00e1vislosti mus\u00ed \u0159\u00eddit z\u00e1konem, a to je probl\u00e9m.<\/p>\n<p>&#8222;Na \u010dtvrt\u00fd stupe\u0148 dos\u00e1hnou v\u011bt\u0161inou pouze le\u017e\u00edc\u00ed,&#8220; vysv\u011btluje Jana Petrov\u00e1 z poradny pro u\u017eivatele soci\u00e1ln\u00edch slu\u017eeb v Plze\u0148sk\u00e9m kraji.<\/p>\n<p>Nad\u011bji te\u010f t\u011b\u017ece posti\u017een\u00ed lid\u00e9 vkl\u00e1daj\u00ed do \u0159\u00edjnov\u00fdch voleb. Po nov\u011b zvolen\u00fdch poslanc\u00edch budou cht\u00edt okam\u017eitou zm\u011bnu z\u00e1kona.<\/p>\n<p><strong>Renata Jesl\u00ednkov\u00e1 se neobejde bez voz\u00edku, je p\u0159ipojena na plicn\u00ed ventilaci, do krku m\u00e1 zavedenou tracheostomickou kanylu. I p\u0159esto, sice s obt\u00ed\u017eemi, ale mluv\u00ed. Te\u010f ji za to st\u00e1t potrestal, v r\u00e1mci Dr\u00e1bkovy soci\u00e1ln\u00ed reformy p\u0159i\u0161la o t\u0159etinu vypl\u00e1cen\u00e9 d\u00e1vky.<\/strong><\/p>\n<p>&#8222;Kdy\u017e mi to v \u010dervnu poslali, odepsala jsem jim, jestli se nespletli. Je to postaven\u00e9 na hlavu,&#8220; \u0159ekla\u00a0 Jesl\u00ednkov\u00e1. Na invalidn\u00ed voz\u00edk je kv\u016fli svalov\u00e9 ochablosti upout\u00e1na od sv\u00fdch sedmn\u00e1cti let.<\/p>\n<p>Dosud spadala do takzvan\u00e9ho IV. stupn\u011b, ur\u010den\u00e9ho pro ty, kte\u0159\u00ed jsou zcela odk\u00e1z\u00e1ni na pomoc jin\u00fdch \u2013 n\u00e1le\u017eel j\u00ed tak nejvy\u0161\u0161\u00ed p\u0159\u00edsp\u011bvek ve v\u00fd\u0161i 12 tis\u00edc korun. Te\u010f klesla o stupe\u0148 n\u00ed\u017e a o \u010dty\u0159i tis\u00edce p\u0159i\u0161la. Aby toti\u017e mohla podle nov\u00fdch p\u0159edpis\u016f pob\u00edrat nejvy\u0161\u0161\u00ed d\u00e1vku, nesm\u011bla by zvl\u00e1dat nejm\u00e9n\u011b dev\u011bt z deseti z\u00e1kladn\u00edch \u017eivotn\u00edch pot\u0159eb.<\/p>\n<p>&#8222;Ke v\u0161em posti\u017een\u00edm, co m\u00e1m, by se musela p\u0159idat je\u0161t\u011b ment\u00e1ln\u00ed porucha nebo bych nesm\u011bla mluvit \u2013 a j\u00e1 ment\u00e1ln\u011b posti\u017een\u00e1 nejsem a nau\u010dila jsem se mluvit i se zavedenou tracheostomickou kanylou,&#8220; podotkla Renata.<\/p>\n<p>Je j\u00ed ale \u0161patn\u011b rozum\u011bt. &#8222;Telefony nebo jedn\u00e1n\u00ed na \u00fa\u0159adech za mne mus\u00ed vy\u0159izovat n\u011bkdo jin\u00fd,&#8220; upozornila.<\/p>\n<p>Maminka Miloslava Jesl\u00ednkov\u00e1 nechod\u00ed do pr\u00e1ce. Nem\u016f\u017ee \u2013 dcera mus\u00ed b\u00fdt neust\u00e1le pod dohledem, co kdyby se ucpala kanyla nebo rozpojily hadi\u010dky.<\/p>\n<p>Verdikt vydal plze\u0148sk\u00fd \u00fa\u0159ad pr\u00e1ce. &#8222;Vych\u00e1zeli jsme ze z\u00e1v\u011bre\u010dn\u00e9ho posudku okresn\u00ed spr\u00e1vy, pan\u00ed se odvolala k ministerstvu pr\u00e1ce a soci\u00e1ln\u00edch v\u011bc\u00ed, znovu se t\u00edm zab\u00fdvali posudkov\u00ed l\u00e9ka\u0159i a p\u016fvodn\u00ed rozhodnut\u00ed potvrdili,&#8220; uvedla Libu\u0161e Skupinov\u00e1 z \u00fa\u0159adu pr\u00e1ce.<\/p>\n<p><strong>Je t\u0159eba zm\u011bnit z\u00e1kon<\/strong><\/p>\n<p>P\u0159edseda NRZP V\u00e1clav Kr\u00e1sa p\u0159ipustil, \u017ee p\u0159\u00edslu\u0161n\u00e9 org\u00e1ny v p\u0159\u00edpad\u011b Jesl\u00ednkov\u00e9 postupovaly v souladu se z\u00e1konem. &#8222;To ale ukazuje, \u017ee z\u00e1kon je \u0161patn\u00fd,&#8220; \u0159ekl.<\/p>\n<p>&#8222;Syst\u00e9m je nefunk\u010dn\u00ed a hrub\u00fdm zp\u016fsobem n\u00e1s po\u0161kozuje. Budeme cht\u00edt tuto v\u011bc po volb\u00e1ch velmi rychle vy\u0159e\u0161it,&#8220; dodal<\/p>\n<h2>Je p\u0159ipraven\u00e1 j\u00edt a\u017e k \u00fastavn\u00edmu soudu<\/h2>\n<p>Nevzd\u00e1v\u00e1 se ani Renata Jesl\u00ednkov\u00e1. Kdy\u017e nevy\u0161lo odvol\u00e1n\u00ed, chyst\u00e1 spr\u00e1vn\u00ed \u017ealobu. A podle Kr\u00e1sy nebude prvn\u00ed. &#8222;M\u00e1me sign\u00e1ly, \u017ee tyto \u017ealoby b\u00fdvaj\u00ed \u00fasp\u011b\u0161n\u00e9,&#8220; sd\u011blil.<\/p>\n<p>Pr\u00e1v\u011b p\u0159\u00edpad Renaty chce dot\u00e1hnout do v\u00edt\u011bzn\u00e9ho konce. &#8222;Kdy\u017e neusp\u011bje se spr\u00e1vn\u00ed \u017ealobou, p\u0159iprav\u00edme kasa\u010dn\u00ed st\u00ed\u017enost, p\u0159\u00edpadn\u011b se obr\u00e1t\u00edme na \u00dastavn\u00ed soud,&#8220; konstatoval.<\/p>\n<p>V\u00e1clav Kr\u00e1sa:&#8220;Ta hodnot\u00edc\u00ed krit\u00e9ria uveden\u00e1 v z\u00e1kon\u011b o soci\u00e1ln\u00edch slu\u017eb\u00e1ch jsou \u0161patn\u00e1, proto\u017ee nepostihuj\u00ed v\u0161echny okolnosti, kter\u00e9 \u010dlov\u011bk m\u00e1, nehodnot\u00ed dob\u0159e ten zdravotn\u00ed stav, a tud\u00ed\u017e ty lidi po\u0161kozuje. D\u0159\u00edve bylo 36 krit\u00e9ri\u00ed \u00fakonu, kter\u00e9 se hodnotily p\u0159i \u017e\u00e1dosti o p\u0159\u00edsp\u011bvek na p\u00e9\u010di. Dneska je takzvan\u00fdch deset \u017eivotn\u00edch pot\u0159eb, a to je opravdu velmi \u0159\u00eddk\u00e9 s\u00edto, tak\u017ee nepostihne v\u0161echny pot\u0159eby lid\u00ed a zpravidla ti lid\u00e9 maj\u00ed ni\u017e\u0161\u00ed p\u0159\u00edsp\u011bvek na p\u00e9\u010di, ne\u017eli jim skute\u010dn\u011b n\u00e1le\u017e\u00ed.<\/p>\n<p>N\u00e1rodn\u00ed rada osob se zdravotn\u00edm posti\u017een\u00edm chce p\u0159edev\u0161\u00edm dos\u00e1hnout zm\u011bny z\u00e1kona. Po volb\u00e1ch bude usilovat o n\u00e1vrat pravidel pro poskytov\u00e1n\u00ed p\u0159\u00edsp\u011bvku do doby p\u0159ed lo\u0148skou zm\u011bnou, uvedl ve sv\u00e9 report\u00e1\u0159i \u010cesk\u00fd rozhlas.<\/p>\n<p>na z\u00e1klad\u011b report\u00e1\u017e\u00ed zpracovala invArena<\/p>\n<p>&nbsp;<\/p>\n","protected":false},"excerpt":{"rendered":"<div class=\"mh-excerpt\"><p>V\u00edce ne\u017e 1200 st\u00ed\u017enost\u00ed na z\u00e1kon o soci\u00e1ln\u00edch slu\u017eb\u00e1ch zaznamenala N\u00e1rodn\u00ed rada osob se zdravotn\u00edm posti\u017een\u00edm. Jde o p\u0159\u00edpady, kdy handicapovan\u00ed p\u0159i\u0161li o \u010d\u00e1st p\u0159\u00edsp\u011bvku <a class=\"mh-excerpt-more\" href=\"https:\/\/www.invarena.cz\/?p=9718\" title=\"P\u0159ich\u00e1zej\u00ed o \u010d\u00e1st d\u00e1vek, st\u00ed\u017enost\u00ed p\u0159ib\u00fdv\u00e1\">[&#8230;]<\/a><\/p>\n<\/div>","protected":false},"author":1,"featured_media":1457,"comment_status":"open","ping_status":"open","sticky":false,"template":"","format":"standard","meta":{"footnotes":""},"categories":[7],"tags":[],"class_list":["post-9718","post","type-post","status-publish","format-standard","has-post-thumbnail","hentry","category-spolecnost"],"_links":{"self":[{"href":"https:\/\/www.invarena.cz\/index.php?rest_route=\/wp\/v2\/posts\/9718","targetHints":{"allow":["GET"]}}],"collection":[{"href":"https:\/\/www.invarena.cz\/index.php?rest_route=\/wp\/v2\/posts"}],"about":[{"href":"https:\/\/www.invarena.cz\/index.php?rest_route=\/wp\/v2\/types\/post"}],"author":[{"embeddable":true,"href":"https:\/\/www.invarena.cz\/index.php?rest_route=\/wp\/v2\/users\/1"}],"replies":[{"embeddable":true,"href":"https:\/\/www.invarena.cz\/index.php?rest_route=%2Fwp%2Fv2%2Fcomments&post=9718"}],"version-history":[{"count":0,"href":"https:\/\/www.invarena.cz\/index.php?rest_route=\/wp\/v2\/posts\/9718\/revisions"}],"wp:featuredmedia":[{"embeddable":true,"href":"https:\/\/www.invarena.cz\/index.php?rest_route=\/wp\/v2\/media\/1457"}],"wp:attachment":[{"href":"https:\/\/www.invarena.cz\/index.php?rest_route=%2Fwp%2Fv2%2Fmedia&parent=9718"}],"wp:term":[{"taxonomy":"category","embeddable":true,"href":"https:\/\/www.invarena.cz\/index.php?rest_route=%2Fwp%2Fv2%2Fcategories&post=9718"},{"taxonomy":"post_tag","embeddable":true,"href":"https:\/\/www.invarena.cz\/index.php?rest_route=%2Fwp%2Fv2%2Ftags&post=9718"}],"curies":[{"name":"wp","href":"https:\/\/api.w.org\/{rel}","templated":true}]}}