{"id":9722,"date":"2013-08-31T12:44:48","date_gmt":"2013-08-31T10:44:48","guid":{"rendered":"http:\/\/www.invarena.cz\/?p=9722"},"modified":"2013-08-31T12:44:38","modified_gmt":"2013-08-31T10:44:38","slug":"psychicky-nemocni-by-se-meli-lecit-doma-znelo-v-senatu","status":"publish","type":"post","link":"https:\/\/www.invarena.cz\/?p=9722","title":{"rendered":"Psychicky nemocn\u00ed by se m\u011bli l\u00e9\u010dit doma, zn\u011blo v sen\u00e1tu"},"content":{"rendered":"<p><strong>O podpo\u0159e nov\u00e9ho trendu v p\u00e9\u010di o du\u0161evn\u011b nemocn\u00e9, a to jejich ponech\u00e1n\u00ed v p\u0159irozen\u00e9m dom\u00e1c\u00edm prost\u0159ed\u00ed, hovo\u0159ili \u00fa\u010dastn\u00edci konference v Praze v Sen\u00e1tu. Na po\u0159adu byla chystan\u00e1 reforma psychiatrie.<\/strong><\/p>\n<p><!--more--><br \/>\nM\u00edstop\u0159edsedkyn\u011b Sen\u00e1tu Milu\u0161e Horsk\u00e1 (nestr.) upozornila na to, \u017ee nov\u00fd syst\u00e9m nem\u00e1 vyvol\u00e1vat nov\u00e9 finan\u010dn\u00ed n\u00e1roky \u2013 roz\u0161\u00ed\u0159en\u00ed ter\u00e9nn\u00edch slu\u017eeb maj\u00ed financovat \u00faspory ze sn\u00ed\u017een\u00ed po\u010dtu l\u016f\u017eek.<\/p>\n<p>Jan Jaro\u0161 (Kolumbus, o. s.), s\u00e1m posti\u017een\u00fd, prohl\u00e1sil, \u017ee p\u0159ipravovan\u00e1 reforma m\u00e1 klady, ale i z\u00e1pory, a podtrhl, \u017ee \u00bbreforma o n\u00e1s se mus\u00ed d\u011blat s n\u00e1mi\u00ab. Odm\u00edtl \u00bbzlat\u00e9 kl\u00edcky\u00ab, nebo\u0165 \u0159ada nemocn\u00fdch zvl\u00e1d\u00e1 sama nebo s pomoc\u00ed b\u011b\u017en\u00e9 situace a up\u0159ednost\u0148uje ter\u00e9nn\u00ed slu\u017eby a denn\u00ed stacion\u00e1\u0159e p\u0159ed dlouhodob\u00fdmi hospitalizacemi.<\/p>\n<p>Dana Ko\u0159\u00ednkov\u00e1 (Quipspole\u010dnost pro zm\u011bnu) dodala, \u017ee n\u00e1vrh reformy je pokrokem, ale je\u0161t\u011b neobsahuje v\u0161echny z\u00e1sady mezin\u00e1rodn\u00ed \u00famluvy o pr\u00e1vech osob se zdravotn\u00edm posti\u017een\u00edm.<\/p>\n<p>N\u00e1m\u011bstek ministra spravedlnosti Franti\u0161ek Korbel vyzdvihl nov\u00fd ob\u010dansk\u00fd z\u00e1kon\u00edk, \u017ee ji\u017e jen nezbavuje \u00fapln\u011b sv\u00e9pr\u00e1vnosti, ale m\u00e1 \u010dty\u0159i stupn\u011b (p\u0159edb\u011b\u017en\u00ed prohl\u00e1\u0161en\u00ed o opatrovnictv\u00ed a nakl\u00e1d\u00e1n\u00ed s majetkem; n\u00e1pomoc podp\u016frce; zastoupen\u00ed opatrovn\u00edkem a opatrovnickou radou; omezen\u00ed sv\u00e9pr\u00e1vnosti, nikdy ale ne \u00fapln\u00e9). Za pokrok ozna\u010dil i pravideln\u00fd soudn\u00ed p\u0159ezkum sv\u00e9pr\u00e1vnosti, kter\u00fd zahrne i dosavadn\u00ed p\u0159\u00edpady.<\/p>\n<p>Sociolog Pavel \u0158\u00ed\u010dan upozornil na konglomer\u00e1t z\u00e1jm\u016f p\u0159i formov\u00e1n\u00ed nov\u00e9 koncepce. Tvrdil, \u017ee nikdo nechce psychiatrick\u00e9 l\u00e9\u010debny ru\u0161it, ale m\u00edn\u00ed, \u017ee \u010d\u00e1st l\u016f\u017eek lze nahradit l\u00e9\u010dbou doma \u010di stacion\u00e1\u0159i.<\/p>\n<p>Upozornil, \u017ee eurofondy lze t\u011b\u017eko u\u017e\u00edt na modernizaci l\u00e9\u010deben, naopak pro stacion\u00e1\u0159e, podporu soci\u00e1ln\u00edch agentur apod. Jsou dostupn\u011bj\u0161\u00ed, nebo\u0165 snahou Evropsk\u00e9 komise je potla\u010dit institucion\u00e1ln\u00ed p\u0159\u00edstup.<\/p>\n<p>Sociolog se klon\u00ed k n\u00e1zoru, \u017ee nemocn\u00ed by m\u011bli m\u00edt mo\u017enost volby p\u00e9\u010de. Na ot\u00e1zku, zda periodick\u00fd p\u0159ezkum stavu znamen\u00e1, \u017ee v\u0161echny du\u0161evn\u00ed nemoci jsou vyl\u00e9\u010diteln\u00e9, p\u0159iznal, \u017ee tomu tak nen\u00ed, ale p\u0159ezkum by m\u011bl zachytit p\u0159\u00edpadn\u00e1 zlep\u0161en\u00ed, k nim\u017e u n\u011bkter\u00fdch nemoc\u00ed doch\u00e1z\u00ed.<\/p>\n<p>Hal\u00f3 noviny<\/p>\n","protected":false},"excerpt":{"rendered":"<div class=\"mh-excerpt\"><p>O podpo\u0159e nov\u00e9ho trendu v p\u00e9\u010di o du\u0161evn\u011b nemocn\u00e9, a to jejich ponech\u00e1n\u00ed v p\u0159irozen\u00e9m dom\u00e1c\u00edm prost\u0159ed\u00ed, hovo\u0159ili \u00fa\u010dastn\u00edci konference v Praze v Sen\u00e1tu. Na <a class=\"mh-excerpt-more\" href=\"https:\/\/www.invarena.cz\/?p=9722\" title=\"Psychicky nemocn\u00ed by se m\u011bli l\u00e9\u010dit doma, zn\u011blo v sen\u00e1tu\">[&#8230;]<\/a><\/p>\n<\/div>","protected":false},"author":1,"featured_media":6316,"comment_status":"open","ping_status":"open","sticky":false,"template":"","format":"standard","meta":{"footnotes":""},"categories":[6],"tags":[],"class_list":["post-9722","post","type-post","status-publish","format-standard","has-post-thumbnail","hentry","category-politika"],"_links":{"self":[{"href":"https:\/\/www.invarena.cz\/index.php?rest_route=\/wp\/v2\/posts\/9722","targetHints":{"allow":["GET"]}}],"collection":[{"href":"https:\/\/www.invarena.cz\/index.php?rest_route=\/wp\/v2\/posts"}],"about":[{"href":"https:\/\/www.invarena.cz\/index.php?rest_route=\/wp\/v2\/types\/post"}],"author":[{"embeddable":true,"href":"https:\/\/www.invarena.cz\/index.php?rest_route=\/wp\/v2\/users\/1"}],"replies":[{"embeddable":true,"href":"https:\/\/www.invarena.cz\/index.php?rest_route=%2Fwp%2Fv2%2Fcomments&post=9722"}],"version-history":[{"count":0,"href":"https:\/\/www.invarena.cz\/index.php?rest_route=\/wp\/v2\/posts\/9722\/revisions"}],"wp:featuredmedia":[{"embeddable":true,"href":"https:\/\/www.invarena.cz\/index.php?rest_route=\/wp\/v2\/media\/6316"}],"wp:attachment":[{"href":"https:\/\/www.invarena.cz\/index.php?rest_route=%2Fwp%2Fv2%2Fmedia&parent=9722"}],"wp:term":[{"taxonomy":"category","embeddable":true,"href":"https:\/\/www.invarena.cz\/index.php?rest_route=%2Fwp%2Fv2%2Fcategories&post=9722"},{"taxonomy":"post_tag","embeddable":true,"href":"https:\/\/www.invarena.cz\/index.php?rest_route=%2Fwp%2Fv2%2Ftags&post=9722"}],"curies":[{"name":"wp","href":"https:\/\/api.w.org\/{rel}","templated":true}]}}