{"id":9890,"date":"2013-09-03T12:49:01","date_gmt":"2013-09-03T10:49:01","guid":{"rendered":"http:\/\/www.invarena.cz\/?p=9890"},"modified":"2013-09-04T11:27:10","modified_gmt":"2013-09-04T09:27:10","slug":"radeji-uz-nevychazim-z-domu","status":"publish","type":"post","link":"https:\/\/www.invarena.cz\/?p=9890","title":{"rendered":"Rad\u011bji u\u017e nevych\u00e1z\u00edm z domu"},"content":{"rendered":"<p><strong>&#8222;U\u017e v t\u00e9to zemi nev\u00edm kudy kam. P\u0159ipad\u00e1m si jako odkopnut\u00fd kus odpadu. Ne\u0159\u00edk\u00e1m, \u017ee v\u0161e je n\u011b\u010d\u00ed vina, ale kdy\u017e \u010dlov\u011bk hled\u00e1 pr\u00e1ci, tak je to jako hledat jehlu v kupce sena,&#8220; vypr\u00e1v\u00ed sv\u016fj p\u0159\u00edb\u011bh zdravotn\u011b znev\u00fdhodn\u011bn\u00e1 \u017eena, je\u017e\u00a0 nedostala invalidn\u00ed d\u016fchod. <\/strong><\/p>\n<p><!--more--><\/p>\n<p>Jsem po operaci plic, ale posudkov\u00e1 l\u00e9ka\u0159ka mi po t\u0159ech letech \u0159ekla, \u017ee u\u017e invalidn\u00ed d\u016fchod nedostanu. Pracovat chci, ale nevydr\u017e\u00edm st\u00e1t d\u00e9le ne\u017e p\u016fl hodinky, pak si mus\u00edm sednout a a\u017e po chv\u00edli mohu zase polohu zm\u011bnit. Del\u0161\u00ed ch\u016fze mi tak\u00e9 d\u011bl\u00e1 probl\u00e9m. Za\u010dala jsem sh\u00e1n\u011bt pr\u00e1ci na doma, ale zat\u00edm bez \u00fasp\u011bchu. \u017diji na mal\u00e9m m\u011bst\u011b a tak p\u0159\u00edle\u017eitost\u00ed je m\u00e1lo.<\/p>\n<p>Te\u010f m\u00e1m na krku exekuce, proto\u017ee u\u017e nem\u00e1m \u017e\u00e1dn\u00fd p\u0159\u00edjem a nev\u00edm kudy kam. Rodina se sna\u017e\u00ed, ale sta\u010d\u00ed to tak na \u017eivobyt\u00ed. \u017d\u00e1dala jsme o osobn\u00ed bankrot, ale spole\u010dnost, kter\u00e1 se n\u00e1m ozvala, cht\u011bla p\u0159edem 27 000 K\u010d. M\u00edt takov\u00e9 pen\u00edze, m\u016f\u017eu v\u0161e platit.<\/p>\n<p>\u017divot u\u017e m\u011b nebav\u00ed, nejsem \u010dlov\u011bk, kter\u00fd jen stoj\u00ed a kouk\u00e1, co se d\u011bje a jemu v\u0161e jedno. Chci jen jedno &#8211; \u017e\u00edt norm\u00e1ln\u00ed \u017eivot a m\u00edt pr\u00e1ci, kterou budu zodpov\u011bdn\u011b vykon\u00e1vat. Dom\u00e1c\u00ed pr\u00e1ce by mi u\u0161et\u0159ila takov\u00e9 v\u011bci, se kter\u00fdmi jsem se setkala.<\/p>\n<p>\u00bbPani, zde nesm\u00edte sed\u011bt, tato pr\u00e1ce se vykon\u00e1v\u00e1 ve stoje\u2026\u00ab.<\/p>\n<p>Roznos tiskovin -\u00bbChod\u00edte pomalu, jak to, \u017ee si v polovin\u011b cesty klidn\u011b sednete na lavi\u010dku? Co si dovolujete?\u00ab<\/p>\n<p>Takov\u00e9 a dal\u0161\u00ed p\u0159ipom\u00ednky sl\u00fdch\u00e1m.<\/p>\n<p>Dovr\u0161uj\u00ed to pomluvy v na\u0161em m\u011bste\u010dku. Na dotazy na pr\u00e1ci dost\u00e1v\u00e1m odpov\u011b\u010f, \u017ee jsem nespolehliv\u00e1, \u017ee se mi ned\u00e1 v\u011b\u0159it a dal\u0161\u00ed podobn\u00e9. Bol\u00ed mne to. Na moji st\u00ed\u017enost mi byla d\u00e1na odpov\u011b\u010f, \u017ee kdy\u017e s t\u00edm budu n\u011bco d\u011blat a \u0159e\u0161it to, tak to m\u016f\u017ee b\u00fdt je\u0161t\u011b hor\u0161\u00ed.<\/p>\n<p>Te\u010f u\u017e nevych\u00e1z\u00edm z domu, abych nep\u0159i\u0161la lidem na o\u010di a nemuseli si p\u0159ede mnou odplivnout: \u00bbTo je ta chud\u00e1 l\u016fza, s t\u011bmi nemluv nebo si zni\u010d\u00ed\u0161 pov\u011bst.\u00ab<\/p>\n<p>Tak to tu chod\u00ed a j\u00e1 s t\u00edm nic neud\u011bl\u00e1m. Jedin\u011b ukon\u010dit cel\u00fd \u017eivot, dr\u017e\u00ed m\u011b ale zat\u00edm moje rodina.<\/p>\n<p>\u017de jsem chud\u00e1? Ano, ale to neznamen\u00e1, \u017ee jsem pra\u0161iv\u00e1 nebo n\u011bco hor\u0161\u00edho. D\u011bs\u00ed m\u011b to, jak se lid\u00e9 k sob\u011b chovaj\u00ed.<\/p>\n<p>Je to stejn\u00e9, jako kdy\u017e jsme cht\u011bla sb\u00edrat v\u00ed\u010dka od PET lahv\u00ed, abych zaplatila dluhy, ale nebylo mi to povoleno &#8211; nem\u00e1m nemocn\u00e9 d\u00edt\u011b nebo bl\u00edzkou osobu. Pro\u010d?!<\/p>\n<p>M\u00fdm p\u0159\u00e1n\u00edm je jednou v\u0161e splatit, m\u00edt mo\u017enost slu\u0161n\u00e9 dom\u00e1c\u00ed pr\u00e1ce, o kter\u00e9 v\u00edm, \u017ee ji budu poctiv\u011b odv\u00e1d\u011bt.<\/p>\n<p>Lenka VA\u0147KOV\u00c1, Strmilov<\/p>\n<p>Hal\u00f3 noviny<\/p>\n","protected":false},"excerpt":{"rendered":"<div class=\"mh-excerpt\"><p>&#8222;U\u017e v t\u00e9to zemi nev\u00edm kudy kam. P\u0159ipad\u00e1m si jako odkopnut\u00fd kus odpadu. Ne\u0159\u00edk\u00e1m, \u017ee v\u0161e je n\u011b\u010d\u00ed vina, ale kdy\u017e \u010dlov\u011bk hled\u00e1 pr\u00e1ci, tak <a class=\"mh-excerpt-more\" href=\"https:\/\/www.invarena.cz\/?p=9890\" title=\"Rad\u011bji u\u017e nevych\u00e1z\u00edm z domu\">[&#8230;]<\/a><\/p>\n<\/div>","protected":false},"author":1,"featured_media":0,"comment_status":"open","ping_status":"open","sticky":false,"template":"","format":"standard","meta":{"footnotes":""},"categories":[4],"tags":[],"class_list":["post-9890","post","type-post","status-publish","format-standard","hentry","category-nazory"],"_links":{"self":[{"href":"https:\/\/www.invarena.cz\/index.php?rest_route=\/wp\/v2\/posts\/9890","targetHints":{"allow":["GET"]}}],"collection":[{"href":"https:\/\/www.invarena.cz\/index.php?rest_route=\/wp\/v2\/posts"}],"about":[{"href":"https:\/\/www.invarena.cz\/index.php?rest_route=\/wp\/v2\/types\/post"}],"author":[{"embeddable":true,"href":"https:\/\/www.invarena.cz\/index.php?rest_route=\/wp\/v2\/users\/1"}],"replies":[{"embeddable":true,"href":"https:\/\/www.invarena.cz\/index.php?rest_route=%2Fwp%2Fv2%2Fcomments&post=9890"}],"version-history":[{"count":0,"href":"https:\/\/www.invarena.cz\/index.php?rest_route=\/wp\/v2\/posts\/9890\/revisions"}],"wp:attachment":[{"href":"https:\/\/www.invarena.cz\/index.php?rest_route=%2Fwp%2Fv2%2Fmedia&parent=9890"}],"wp:term":[{"taxonomy":"category","embeddable":true,"href":"https:\/\/www.invarena.cz\/index.php?rest_route=%2Fwp%2Fv2%2Fcategories&post=9890"},{"taxonomy":"post_tag","embeddable":true,"href":"https:\/\/www.invarena.cz\/index.php?rest_route=%2Fwp%2Fv2%2Ftags&post=9890"}],"curies":[{"name":"wp","href":"https:\/\/api.w.org\/{rel}","templated":true}]}}