{"id":9968,"date":"2013-09-05T10:24:10","date_gmt":"2013-09-05T08:24:10","guid":{"rendered":"http:\/\/www.invarena.cz\/?p=9968"},"modified":"2014-10-20T20:09:43","modified_gmt":"2014-10-20T18:09:43","slug":"lidovci-stavi-do-cela-kandidatky-krasu-riskuji","status":"publish","type":"post","link":"https:\/\/www.invarena.cz\/?p=9968","title":{"rendered":"Lidovci stav\u00ed do \u010dela volebn\u00ed kandid\u00e1tky Kr\u00e1su. Riskuj\u00ed?"},"content":{"rendered":"<p><strong>V \u010dele kandid\u00e1tky KDU-\u010cSL v Plze\u0148sk\u00e9m kraji bude V\u00e1clav Kr\u00e1sa. B\u00fdval\u00fd poslanec a dne\u0161n\u00ed p\u0159edseda N\u00e1rodn\u00ed rady osob se zdravotn\u00edm posti\u017een\u00edm (foto).<\/strong><\/p>\n<p><!--more--><\/p>\n<p>S\u00e1zku do loterie tak trochu p\u0159ipom\u00edn\u00e1 rozhodnut\u00ed lidovc\u016f v Plze\u0148sk\u00e9m kraji o v\u00fdb\u011bru l\u00eddra pro p\u0159ed\u010dasn\u00e9 volby do Poslaneck\u00e9 sn\u011bmovny. P\u0159ed tv\u00e1\u0159\u00ed z regionu toti\u017e dostal p\u0159ednost p\u0159edseda N\u00e1rodn\u00ed rady osob se zdravotn\u00edm posti\u017een\u00edm V\u00e1clav Kr\u00e1sa z Prahy.<\/p>\n<p>Jedena\u0161edes\u00e1tilet\u00fd zn\u00e1m\u00fd voz\u00ed\u010dk\u00e1\u0159 je sice dnes nestran\u00edk, ale v letech 1992 a\u017e 2002 b\u00fdval poslancem nejprve za ODS a pozd\u011bji za Unii svobody.<\/p>\n<p>\u0160\u00e9f plze\u0148sk\u00fdch lidovc\u016f Petr N\u00e1hl\u00edk, kter\u00fd kandiduje na druh\u00e9m m\u00edst\u011b za Kr\u00e1sou, uji\u0161\u0165uje, \u017ee strana usiluj\u00edc\u00ed o n\u00e1vrat do Sn\u011bmovny na v\u00fdb\u011br neregion\u00e1ln\u00edho l\u00eddra nedoplat\u00ed.<\/p>\n<p>&#8222;Nevn\u00edm\u00e1me to jako riziko. Mysl\u00edme, \u017ee klady p\u0159eva\u017euj\u00ed,&#8220; prohl\u00e1sil N\u00e1hl\u00edk. A V\u00e1clav Kr\u00e1sa prohla\u0161uje, \u017ee volby v kraji dopadnou pro lidovce dob\u0159e. &#8222;Jsem p\u0159esv\u011bd\u010den, \u017ee KDU-\u010cSL bude ve Sn\u011bmovn\u011b a p\u0159inese do politiky trochu slu\u0161nosti.&#8220; Kr\u00e1sa p\u0159itom po\u010d\u00edt\u00e1 s t\u00edm, \u017ee se mezi poslance dostane alespo\u0148 jeden \u010dlov\u011bk z krajsk\u00e9 kandid\u00e1tky. &#8222;Jedno m\u00edsto je samoz\u0159ejm\u00e9 a dv\u011b budou znamenat \u00fasp\u011bch,&#8220; prohl\u00e1sil.<\/p>\n<p>To je pom\u011brn\u011b optimistick\u00fd pohled, proto\u017ee k zisku mand\u00e1tu za Plze\u0148sk\u00fd kraj je zapot\u0159eb\u00ed z\u00edskat zhruba osm procent hlas\u016f.<\/p>\n<p>V\u00e1clav Kr\u00e1sa tvrd\u00ed, \u017ee se nyn\u00ed intenzivn\u011b seznamuje s probl\u00e9my v kraji. &#8222;V\u00edm, \u017ee jsou tady n\u011bjak\u00e9 pot\u00ed\u017ee s n\u00e1rodn\u00edm parkem. Je zapot\u0159eb\u00ed, aby tam lid\u00e9 mohli slu\u0161n\u011b \u017e\u00edt. A je tu tak\u00e9 probl\u00e9m s nezam\u011bstnanost\u00ed na Tachovsku,&#8220; uv\u00e1d\u00ed Kr\u00e1sa.<\/p>\n<p>A kdy zah\u00e1j\u00ed p\u0159edvolebn\u00ed kampa\u0148? &#8222;Za\u010d\u00edn\u00e1 dneska. N\u011bkolik dn\u016f v t\u00fddnu te\u010f budu pracovat p\u0159\u00edmo v kraji,&#8220; tvrd\u00ed.<\/p>\n<p>V\u00e1clava Kr\u00e1su p\u0159ijel v\u010dera do Plzn\u011b p\u0159edstavit \u0161\u00e9f KDU-\u010cSL Pavel B\u011blohr\u00e1dek. Ten v\u00fdb\u011br volebn\u00edho l\u00eddra ozna\u010dil mimo jin\u00e9 za doklad toho, \u017ee jsou lidovci otev\u0159en\u00ed i lidem mimo stranu. &#8222;Dlouhodob\u011b s n\u00edm spolupracujeme. Je to odborn\u00edk se zku\u0161enostmi z parlamentu i z neziskov\u00e9 organizace,&#8220; konstatoval B\u011blohr\u00e1dek.<\/p>\n<p>Mlad\u00e1 fronta DNES<\/p>\n","protected":false},"excerpt":{"rendered":"<div class=\"mh-excerpt\"><p>V \u010dele kandid\u00e1tky KDU-\u010cSL v Plze\u0148sk\u00e9m kraji bude V\u00e1clav Kr\u00e1sa. B\u00fdval\u00fd poslanec a dne\u0161n\u00ed p\u0159edseda N\u00e1rodn\u00ed rady osob se zdravotn\u00edm posti\u017een\u00edm (foto).<\/p>\n<\/div>","protected":false},"author":1,"featured_media":670,"comment_status":"open","ping_status":"open","sticky":false,"template":"","format":"standard","meta":{"footnotes":""},"categories":[6],"tags":[],"class_list":["post-9968","post","type-post","status-publish","format-standard","has-post-thumbnail","hentry","category-politika"],"_links":{"self":[{"href":"https:\/\/www.invarena.cz\/index.php?rest_route=\/wp\/v2\/posts\/9968","targetHints":{"allow":["GET"]}}],"collection":[{"href":"https:\/\/www.invarena.cz\/index.php?rest_route=\/wp\/v2\/posts"}],"about":[{"href":"https:\/\/www.invarena.cz\/index.php?rest_route=\/wp\/v2\/types\/post"}],"author":[{"embeddable":true,"href":"https:\/\/www.invarena.cz\/index.php?rest_route=\/wp\/v2\/users\/1"}],"replies":[{"embeddable":true,"href":"https:\/\/www.invarena.cz\/index.php?rest_route=%2Fwp%2Fv2%2Fcomments&post=9968"}],"version-history":[{"count":0,"href":"https:\/\/www.invarena.cz\/index.php?rest_route=\/wp\/v2\/posts\/9968\/revisions"}],"wp:featuredmedia":[{"embeddable":true,"href":"https:\/\/www.invarena.cz\/index.php?rest_route=\/wp\/v2\/media\/670"}],"wp:attachment":[{"href":"https:\/\/www.invarena.cz\/index.php?rest_route=%2Fwp%2Fv2%2Fmedia&parent=9968"}],"wp:term":[{"taxonomy":"category","embeddable":true,"href":"https:\/\/www.invarena.cz\/index.php?rest_route=%2Fwp%2Fv2%2Fcategories&post=9968"},{"taxonomy":"post_tag","embeddable":true,"href":"https:\/\/www.invarena.cz\/index.php?rest_route=%2Fwp%2Fv2%2Ftags&post=9968"}],"curies":[{"name":"wp","href":"https:\/\/api.w.org\/{rel}","templated":true}]}}