{"id":9970,"date":"2013-09-06T11:40:03","date_gmt":"2013-09-06T09:40:03","guid":{"rendered":"http:\/\/www.invarena.cz\/?p=9970"},"modified":"2014-10-20T20:09:43","modified_gmt":"2014-10-20T18:09:43","slug":"tyc-nelegalni-znacky-uprostred-chodniku-ohrozuje-nevidome","status":"publish","type":"post","link":"https:\/\/www.invarena.cz\/?p=9970","title":{"rendered":"Ty\u010d neleg\u00e1ln\u00ed zna\u010dky uprost\u0159ed chodn\u00edku ohro\u017euje nevidom\u00e9"},"content":{"rendered":"<p><strong>Dopravn\u00ed zna\u010dku, ohro\u017euj\u00edc\u00ed zrakov\u011b posti\u017een\u00e9 u jejich centra v Karlov\u00fdch Varech, dala bez souhlasu policie um\u00edstit uprost\u0159ed chodn\u00edku firma, kter\u00e1 zaji\u0161\u0165ovala zna\u010den\u00ed pro magistr\u00e1t. Jeho z\u00e1stupci sl\u00edbili, \u017ee zajist\u00ed rychlou n\u00e1pravu.<\/strong>\/ilustra\u010dn\u00ed sn\u00edmek\/<strong><br \/>\n<\/strong><\/p>\n<p><!--more--><\/p>\n<p>Obyvatelka V\u00edt\u011bzn\u00e9 ulice Monika Gi\u0148ov\u00e1 m\u00e1 zdrav\u00e9 o\u010di, tak\u017ee se m\u016f\u017ee kovov\u00e9 ty\u010di s informativn\u00ed zna\u010dkou &#8222;zast\u00e1vka autobusu&#8220; zdaleka vyhnout.<\/p>\n<p>&#8222;Co ale maj\u00ed d\u011blat nevidom\u00ed a slabozrac\u00ed, kte\u0159\u00ed tudy chod\u00ed do sv\u00e9ho centra a o ty\u010di nic nev\u011bd\u00ed? Je to ot\u0159es,&#8220; kroutila v \u00fater\u00fd nev\u011b\u0159\u00edcn\u011b hlavou \u017eena nad novou dopravn\u00ed zna\u010dkou, kterou nechal magistr\u00e1t ned\u00e1vno namontovat.<\/p>\n<p>Podivuj\u00ed se i prodava\u010dky z peka\u0159stv\u00ed, kter\u00e9 na autobusovou zast\u00e1vku vid\u00ed p\u0159es v\u00fdlohu. &#8222;Je to bezohledn\u00e9. My se vyhneme, hor\u0161\u00ed to maj\u00ed \u017eensk\u00e9 s ko\u010d\u00e1rkem anebo voz\u00ed\u010dk\u00e1\u0159i. Douf\u00e1me jen, \u017ee si nenatlu\u010de zdravotn\u011b posti\u017een\u00fd, kter\u00fd tudy p\u016fjde po chodn\u00edku do nedalek\u00e9ho TyfloCentra,&#8220; uvedly prodava\u010dky.<\/p>\n<p>P\u0159ekvapen\u00ed dopravn\u00ed zna\u010dkou byli i policist\u00e9, kter\u00fdm MF DNES fotografii poslala. Sl\u00edbili, \u017ee se na m\u00edsto p\u0159ijdou pod\u00edvat.<\/p>\n<p>&#8222;Policie se k um\u00edst\u011bn\u00ed nov\u00e9 zna\u010dky nevyjad\u0159ovala &#8211; na rozd\u00edl od autobusov\u00e9 zast\u00e1vky, kter\u00e1 je u kina Drahom\u00edra n\u011bkolik let,&#8220; vysv\u011btlila krajsk\u00e1 policejn\u00ed mluv\u010d\u00ed Kate\u0159ina B\u00f6hmov\u00e1.<\/p>\n<p>Na zna\u010dku upozornil redakci MF DNES \u0159editel Centra pro zdravotn\u011b posti\u017een\u00e9 Karlovarsk\u00e9ho kraje Petr Kon\u010del. M\u011bl toti\u017e obavy o bezpe\u010dnost sv\u00fdch klient\u016f.<\/p>\n<p>Trasu si v \u00fater\u00fd pro\u0161el i nevidom\u00fd Pavel Rogaczewski, \u0159editel obecn\u011b prosp\u011b\u0161n\u00e9 spole\u010dnosti TyfloCentrum Karlovy Vary. Pracovi\u0161t\u011b m\u00e1 ve V\u00edt\u011bzn\u00e9 ulici, jen n\u011bkolik des\u00edtek metr\u016f od zna\u010dky v chodn\u00edku.<\/p>\n<p>&#8222;Hroz\u00ed zran\u011bn\u00ed lid\u00ed, kte\u0159\u00ed o zna\u010dce nev\u011bd\u00ed,&#8220; konstatoval. Je r\u00e1d, \u017ee magistr\u00e1t byl vst\u0159\u00edcn\u00fd a kritizovanou nebezpe\u010dnou p\u0159ek\u00e1\u017eku odstran\u00ed.<\/p>\n<p>Vedouc\u00ed technick\u00e9ho odboru magistr\u00e1tu Eva Pavlasov\u00e1 si zprvu myslela, \u017ee jde o p\u0159echodnou dopravn\u00ed zna\u010dku a odk\u00e1zala redakci na Dopravn\u00ed podnik Karlovy Vary.<\/p>\n<p>Jak ale zjistila, zna\u010dku p\u0159i\u0161roubovala uprost\u0159ed chodn\u00edku jin\u00e1 firma. &#8222;Pokud pro n\u00e1s obnovovala dopravn\u00ed zna\u010den\u00ed firma, ud\u011blala ho \u0161patn\u011b. Zna\u010dka je um\u00edst\u011bn\u00e1 ne\u0161\u0165astn\u011b. Nev\u00edm, pro\u010d to tak vymysleli. Hned je na to upozorn\u00edm a po\u017e\u00e1d\u00e1m o okam\u017eitou n\u00e1pravu,&#8220; sl\u00edbila. Dodala, \u017ee nejpozd\u011bji do dne\u0161ka zna\u010dka zmiz\u00ed.<\/p>\n<p>N\u011bco podobn\u00e9ho se m\u016f\u017ee opakovat i v dal\u0161\u00edch \u010dtvrt\u00edch Karlov\u00fdch Var\u016f, kde magistr\u00e1t podle finan\u010dn\u00edch mo\u017enost\u00ed postupn\u011b dopl\u0148uje ozna\u010den\u00ed autobusov\u00fdch zast\u00e1vek. Na n\u011bkter\u00e9 z nich d\u00e1v\u00e1 dopravn\u00ed podnik nov\u00e9 j\u00edzdn\u00ed \u0159\u00e1dy.<\/p>\n<p>&#8222;P\u0159ed p\u011bti lety jsme p\u0159i kontrole dopravn\u00edho zna\u010den\u00ed v Karlov\u00fdch Varech nepot\u0159ebn\u00e9 zna\u010dky odstra\u0148ovali. To ale neznamen\u00e1, \u017ee by se na n\u00e1s nemohli ob\u010dan\u00e9 obracet se \u017e\u00e1dost\u00ed. Cht\u011bj\u00ed po n\u00e1s nap\u0159\u00edklad um\u00edstit z\u00e1kazy zastaven\u00ed ve sv\u00e9 ulici. Tyto \u017e\u00e1dosti konzultujeme s dopravn\u00edm inspektor\u00e1tem,&#8220; uvedla Eva Pavlasov\u00e1.<\/p>\n<p>&#8212;<br \/>\nVladim\u00edr Zedn\u00edk<br \/>\nMlad\u00e1 fronta DNES<\/p>\n","protected":false},"excerpt":{"rendered":"<div class=\"mh-excerpt\"><p>Dopravn\u00ed zna\u010dku, ohro\u017euj\u00edc\u00ed zrakov\u011b posti\u017een\u00e9 u jejich centra v Karlov\u00fdch Varech, dala bez souhlasu policie um\u00edstit uprost\u0159ed chodn\u00edku firma, kter\u00e1 zaji\u0161\u0165ovala zna\u010den\u00ed pro magistr\u00e1t. Jeho <a class=\"mh-excerpt-more\" href=\"https:\/\/www.invarena.cz\/?p=9970\" title=\"Ty\u010d neleg\u00e1ln\u00ed zna\u010dky uprost\u0159ed chodn\u00edku ohro\u017euje nevidom\u00e9\">[&#8230;]<\/a><\/p>\n<\/div>","protected":false},"author":1,"featured_media":0,"comment_status":"open","ping_status":"open","sticky":false,"template":"","format":"standard","meta":{"footnotes":""},"categories":[7],"tags":[],"class_list":["post-9970","post","type-post","status-publish","format-standard","hentry","category-spolecnost"],"_links":{"self":[{"href":"https:\/\/www.invarena.cz\/index.php?rest_route=\/wp\/v2\/posts\/9970","targetHints":{"allow":["GET"]}}],"collection":[{"href":"https:\/\/www.invarena.cz\/index.php?rest_route=\/wp\/v2\/posts"}],"about":[{"href":"https:\/\/www.invarena.cz\/index.php?rest_route=\/wp\/v2\/types\/post"}],"author":[{"embeddable":true,"href":"https:\/\/www.invarena.cz\/index.php?rest_route=\/wp\/v2\/users\/1"}],"replies":[{"embeddable":true,"href":"https:\/\/www.invarena.cz\/index.php?rest_route=%2Fwp%2Fv2%2Fcomments&post=9970"}],"version-history":[{"count":0,"href":"https:\/\/www.invarena.cz\/index.php?rest_route=\/wp\/v2\/posts\/9970\/revisions"}],"wp:attachment":[{"href":"https:\/\/www.invarena.cz\/index.php?rest_route=%2Fwp%2Fv2%2Fmedia&parent=9970"}],"wp:term":[{"taxonomy":"category","embeddable":true,"href":"https:\/\/www.invarena.cz\/index.php?rest_route=%2Fwp%2Fv2%2Fcategories&post=9970"},{"taxonomy":"post_tag","embeddable":true,"href":"https:\/\/www.invarena.cz\/index.php?rest_route=%2Fwp%2Fv2%2Ftags&post=9970"}],"curies":[{"name":"wp","href":"https:\/\/api.w.org\/{rel}","templated":true}]}}